{"id":12466,"date":"2023-08-07T17:47:16","date_gmt":"2023-08-07T17:47:16","guid":{"rendered":"https:\/\/www.psfamilynyc.org\/?p=12466"},"modified":"2023-08-07T17:52:44","modified_gmt":"2023-08-07T17:52:44","slug":"la-evolucion-de-los-roles-en-el-cuidado-infantil-percepciones-desde-el-modelo-pikler-sobre-observaciones-diarios-y-cuidadores-primarios","status":"publish","type":"post","link":"https:\/\/www.psfamilynyc.org\/es\/la-evolucion-de-los-roles-en-el-cuidado-infantil-percepciones-desde-el-modelo-pikler-sobre-observaciones-diarios-y-cuidadores-primarios\/","title":{"rendered":"La evoluci\u00f3n de los roles en el cuidado infantil: conocimientos del modelo de Pikler sobre observaciones, diarios y cuidadores primarios"},"content":{"rendered":"\t\t<div data-elementor-type=\"wp-post\" data-elementor-id=\"12466\" class=\"elementor elementor-12466\" data-elementor-post-type=\"post\">\n\t\t\t\t<div class=\"elementor-element elementor-element-d4aee19 e-flex e-con-boxed e-con e-parent\" data-id=\"d4aee19\" data-element_type=\"container\" data-e-type=\"container\">\n\t\t\t\t\t<div class=\"e-con-inner\">\n\t\t<div class=\"elementor-element elementor-element-6a1adf3 e-con-full e-flex e-con e-child\" data-id=\"6a1adf3\" data-element_type=\"container\" data-e-type=\"container\">\n\t\t\t\t<div class=\"elementor-element elementor-element-cfbf9bc elementor-widget elementor-widget-text-editor\" data-id=\"cfbf9bc\" data-element_type=\"widget\" data-e-type=\"widget\" data-widget_type=\"text-editor.default\">\n\t\t\t\t<div class=\"elementor-widget-container\">\n\t\t\t\t\t\t\t\t\t<p>En el enfoque de Pikler, el pedagogo y el cuidador principal combinados crean un entorno de apoyo y crianza para los ni\u00f1os peque\u00f1os. En esta publicaci\u00f3n de blog, profundizamos en la fascinante historia de estos roles y exploramos el notable trabajo de Emmi Pikler y su colaboradora, Maria Reintiz, en el Instituto Loczy. Su enfoque innovador revolucion\u00f3 el cuidado infantil y sent\u00f3 las bases para un enfoque m\u00e1s emp\u00e1tico y centrado en el ni\u00f1o.<\/p><p style=\"text-align: center;\"><span style=\"font-size: 31px; color: #000000;\">\u201cEsta publicaci\u00f3n de blog explora c\u00f3mo establecieron el Instituto Loczy, destacando su meticuloso proceso de selecci\u00f3n de cuidadores y los principios b\u00e1sicos que enfatizaron, como movimientos suaves, juego sin interrupciones y documentaci\u00f3n completa&#8221;.<\/span><\/p><p>Maria Majoros, pediatra, tuvo el privilegio de trabajar en estrecha colaboraci\u00f3n con el Dr. Pikler en el Instituto Loczy durante 19 a\u00f1os impresionantes. A pesar de buscar otras oportunidades a lo largo de su carrera, Mar\u00eda mantuvo una fuerte conexi\u00f3n con el Dr. Pikler. Despu\u00e9s de su jubilaci\u00f3n, regres\u00f3 al Instituto Loczy.<br \/>y particip\u00f3 con entusiasmo en todos los programas de capacitaci\u00f3n. Su pasi\u00f3n por el enfoque de la Dra. Pikler para el cuidado infantil la llev\u00f3 a ense\u00f1ar el enfoque en la universidad, lo que influy\u00f3 en una nueva generaci\u00f3n de cuidadores.<\/p><h4>La casa Pikler: fomentar la excelencia del cuidador<span style=\"font-weight: 400;\">:<\/span><\/h4><p><span style=\"font-weight: 400;\">Dr. El compromiso de Pikler con el apoyo a los cuidadores fue evidente desde los primeros d\u00edas del establecimiento del Instituto Pikler. A partir de su amplia experiencia con familias, entendi\u00f3 el papel vital que desempe\u00f1an los cuidadores en el desarrollo saludable de los beb\u00e9s. El instituto se convirti\u00f3 en un espacio enriquecedor donde los cuidadores recibieron la orientaci\u00f3n y las herramientas necesarias para brindar una atenci\u00f3n excepcional.<\/span><\/p><h4>El comienzo: formar el equipo de cuidadores<\/h4><p><span style=\"font-weight: 400;\">Cuando se estableci\u00f3 el Instituto Loczy en junio de 1946, Emmi Pikler y Maria Reintiz reconocieron la importancia de seleccionar cuidadores que encarnaran los principios que pretend\u00edan inculcar. Inicialmente, contrataron enfermeras profesionales capacitadas. Sin embargo, despu\u00e9s de algunas semanas, se hizo evidente que muchas de estas enfermeras ten\u00edan rutinas arraigadas que dificultaban la implementaci\u00f3n de la visi\u00f3n de Pikler. En consecuencia, tomaron la audaz decisi\u00f3n de liberar a todo el personal y comenzaron de nuevo.<\/span><\/p><h4>Selecci\u00f3n de los cuidadores adecuados<\/h4><p><span style=\"font-weight: 400;\">Para encontrar cuidadores que se alinearan con su enfoque, Pikler y Maria emplearon un proceso de reclutamiento \u00fanico. Durante las entrevistas de trabajo, los aspirantes a cuidadores entablaron conversaciones informales antes de pedirles que realizaran una tarea simple: recoger una mu\u00f1eca. Pikler observ\u00f3 atentamente sus manos, prestando mucha atenci\u00f3n a su suavidad y movimientos cuidadosos. Aunque esta prueba no garantizaba la idoneidad, sirvi\u00f3 como evaluaci\u00f3n inicial para los posibles cuidadores.<\/span><\/p><h4>Descubriendo el potencial oculto<\/h4><p><span style=\"font-weight: 400;\">Una historia memorable cuenta el caso de una ni\u00f1a que inicialmente reprob\u00f3 el examen de ingreso debido a la falta de movimientos suaves de las manos. Sin embargo, cuando sal\u00eda de las instalaciones, Pikler y Mar\u00eda notaron que entablaba una conversaci\u00f3n sincera con algunos ni\u00f1os junto a la puerta. La joven instintivamente se inclin\u00f3 al nivel de los ni\u00f1os para hablarles. Intrigados por su muestra de empat\u00eda, la llamaron r\u00e1pidamente. Finalmente, se convirti\u00f3 en una de las cuidadoras m\u00e1s excepcionales del instituto.<\/span><\/p>\t\t\t\t\t\t\t\t<\/div>\n\t\t\t\t<\/div>\n\t\t\t\t<\/div>\n\t\t\t\t\t<\/div>\n\t\t\t\t<\/div>\n\t\t<div class=\"elementor-element elementor-element-4b2afa3 e-flex e-con-boxed e-con e-parent\" data-id=\"4b2afa3\" data-element_type=\"container\" data-e-type=\"container\">\n\t\t\t\t\t<div class=\"e-con-inner\">\n\t\t<div class=\"elementor-element elementor-element-b21230a e-con-full e-flex e-con e-child\" data-id=\"b21230a\" data-element_type=\"container\" data-e-type=\"container\">\n\t\t\t\t<\/div>\n\t\t\t\t\t<\/div>\n\t\t\t\t<\/div>\n\t\t<div class=\"elementor-element elementor-element-cd88592 e-flex e-con-boxed e-con e-parent\" data-id=\"cd88592\" data-element_type=\"container\" data-e-type=\"container\">\n\t\t\t\t\t<div class=\"e-con-inner\">\n\t\t<div class=\"elementor-element elementor-element-32afb1b e-con-full e-flex e-con e-child\" data-id=\"32afb1b\" data-element_type=\"container\" data-e-type=\"container\">\n\t\t\t\t<div class=\"elementor-element elementor-element-de51e35 elementor-widget elementor-widget-text-editor\" data-id=\"de51e35\" data-element_type=\"widget\" data-e-type=\"widget\" data-widget_type=\"text-editor.default\">\n\t\t\t\t<div class=\"elementor-widget-container\">\n\t\t\t\t\t\t\t\t\t<h4>Pasar la responsabilidad: el surgimiento de los cuidadores primarios<span style=\"font-weight: 400;\">:<\/span><\/h4><p><span style=\"font-weight: 400;\">A fines de la d\u00e9cada de 1940, Emmi Pikler contempl\u00f3 el concepto de responsabilidad compartida y busc\u00f3 una manera de transmitirlo dentro de los grupos de cuidado. Cada grupo design\u00f3 a un cuidador principal, inicialmente denominado &#8220;madre del grupo&#8221;. Sin embargo, a medida que continuaban las discusiones, Pikler y su equipo reconocieron que los cuidadores no pod\u00edan reemplazar a la madre biol\u00f3gica de un ni\u00f1o. Esta realizaci\u00f3n marc\u00f3 la transici\u00f3n de la idea del cuidador-como-madre y allan\u00f3 el camino para el surgimiento del concepto de cuidador principal.<\/span><\/p><h4>Diarios de desarrollo y atenci\u00f3n individualizada:<\/h4><p><span style=\"font-weight: 400;\">En las primeras etapas del instituto, hubo un esfuerzo concertado para aumentar la documentaci\u00f3n sobre el desarrollo de los ni\u00f1os. Estos diarios iniciales se centraron principalmente en la salud, el juego y el movimiento de los ni\u00f1os. Con el tiempo, la lista de preguntas y observaciones en estos diarios creci\u00f3.<\/span><\/p><p><span style=\"font-weight: 400;\">Al examinar los diarios de desarrollo de ese per\u00edodo, se hace evidente que fueron escritos constantemente por un solo cuidador. Esto marc\u00f3 el comienzo del concepto del cuidador principal: una persona responsable de observar y documentar el desarrollo de ni\u00f1os espec\u00edficos.<\/span><\/p><p><span style=\"font-weight: 400;\">Al principio, los cuidadores principales ten\u00edan la tarea de observar a ciertos ni\u00f1os m\u00e1s de cerca que a otros. A cada cuidador se le asign\u00f3 observar y documentar el progreso de alrededor de 3 a 4 ni\u00f1os.<\/span><\/p><p><span style=\"font-weight: 400;\">Estos diarios fueron meticulosamente revisados y discutidos por el Dr. Pikler o Maria. Notaron que al observar a ni\u00f1os espec\u00edficos, las relaciones con esos ni\u00f1os se profundizaron. Con la profundizaci\u00f3n de la relaci\u00f3n se avanz\u00f3 en el desarrollo del ni\u00f1o. Estos conocimientos comenzaron a cimentar la conexi\u00f3n entre la observaci\u00f3n, la comprensi\u00f3n de la singularidad de cada ni\u00f1o y la importancia de la relaci\u00f3n de atenci\u00f3n primaria.<\/span><\/p><p><span style=\"font-weight: 400;\">A lo largo de la historia del instituto, no hubo un tiempo designado espec\u00edficamente para la observaci\u00f3n. Los cuidadores ten\u00edan numerosas tareas y responsabilidades, dejando un tiempo limitado para la observaci\u00f3n enfocada. Sin embargo, el Dr. Pikler reconoci\u00f3 la importancia de la observaci\u00f3n y busc\u00f3 desarrollar un enfoque m\u00e1s estructurado.<\/span><\/p><p><span style=\"font-weight: 400;\">Introdujo el concepto de tiempo de observaci\u00f3n dedicado, durante el cual los cuidadores ten\u00edan una hora para observar \u00fanicamente a los ni\u00f1os. Sin embargo, este enfoque result\u00f3 desafiante ya que requer\u00eda tiempo adicional fuera de los turnos de los cuidadores y causaba confusi\u00f3n a los ni\u00f1os. Adem\u00e1s, plante\u00f3 dificultades log\u00edsticas para los miembros del personal. Despu\u00e9s de un per\u00edodo de experimentaci\u00f3n y reflexi\u00f3n, el instituto volvi\u00f3 a una forma m\u00e1s generalizada de observaci\u00f3n durante todo el d\u00eda. Este proceso de refinamiento y ajuste tuvo lugar durante los primeros diez a\u00f1os del mandato del Dr. Pikler. Fue alrededor de 1960 cuando el Dr. Pikler tuvo m\u00e1s personal de apoyo, lo que llev\u00f3 al establecimiento de la forma final del diario de observaci\u00f3n.<\/span><\/p><p><span style=\"font-weight: 400;\">La evoluci\u00f3n de las pr\u00e1cticas de observaci\u00f3n en el instituto refleja la dedicaci\u00f3n de la Dra. Pikler a la mejora continua y su compromiso inquebrantable de comprender y apoyar el desarrollo de cada ni\u00f1o bajo su cuidado.<\/span><\/p>\t\t\t\t\t\t\t\t<\/div>\n\t\t\t\t<\/div>\n\t\t\t\t<\/div>\n\t\t\t\t\t<\/div>\n\t\t\t\t<\/div>\n\t\t<div class=\"elementor-element elementor-element-0796e0d e-flex e-con-boxed e-con e-parent\" data-id=\"0796e0d\" data-element_type=\"container\" data-e-type=\"container\">\n\t\t\t\t\t<div class=\"e-con-inner\">\n\t\t<div class=\"elementor-element elementor-element-bfa5741 e-con-full e-flex e-con e-child\" data-id=\"bfa5741\" data-element_type=\"container\" data-e-type=\"container\">\n\t\t\t\t<\/div>\n\t\t\t\t\t<\/div>\n\t\t\t\t<\/div>\n\t\t<div class=\"elementor-element elementor-element-28186b8 e-flex e-con-boxed e-con e-parent\" data-id=\"28186b8\" data-element_type=\"container\" data-e-type=\"container\">\n\t\t\t\t\t<div class=\"e-con-inner\">\n\t\t<div class=\"elementor-element elementor-element-2556e2e e-con-full e-flex e-con e-child\" data-id=\"2556e2e\" data-element_type=\"container\" data-e-type=\"container\">\n\t\t\t\t<div class=\"elementor-element elementor-element-3986d5d elementor-widget elementor-widget-text-editor\" data-id=\"3986d5d\" data-element_type=\"widget\" data-e-type=\"widget\" data-widget_type=\"text-editor.default\">\n\t\t\t\t<div class=\"elementor-widget-container\">\n\t\t\t\t\t\t\t\t\t<h4>Los desaf\u00edos y beneficios de la atenci\u00f3n primaria<span style=\"font-weight: 400;\">:<\/span><\/h4>\n<span style=\"font-weight: 400;\">El enfoque del cuidador principal trajo varios beneficios m\u00e1s all\u00e1 del desarrollo del ni\u00f1o. La relaci\u00f3n tambi\u00e9n ayud\u00f3 a la transici\u00f3n del ni\u00f1o a un hogar permanente. Los cuidadores que prestaron m\u00e1s atenci\u00f3n a un ni\u00f1o espec\u00edfico establecieron un v\u00ednculo m\u00e1s estrecho con ellos. Los diarios comenzaron a reflejar la participaci\u00f3n del cuidador principal en presentar al ni\u00f1o a su familia y acompa\u00f1arlo a las visitas al m\u00e9dico. Sin embargo, tambi\u00e9n surgieron desaf\u00edos, lo que provoc\u00f3 un examen cuidadoso de la relaci\u00f3n cuidador-ni\u00f1o.<\/span>\n<h4>Abordar problemas delicados<span style=\"font-weight: 400;\">:<\/span><\/h4>\n<span style=\"font-weight: 400;\">La cuesti\u00f3n de la relaci\u00f3n entre el cuidador principal y el ni\u00f1o fue inicialmente un tema delicado. Finalmente, el Dr. Vincze, que trabajaba como pediatra en Infant House, abord\u00f3 este tema. Escribi\u00f3 un art\u00edculo muy largo sobre este tema y solo al final mencion\u00f3 la palabra amor. Al final de su an\u00e1lisis de la relaci\u00f3n entre el cuidador principal y el ni\u00f1o, detallando cada aspecto y documentando los beneficios, se\u00f1al\u00f3 que la relaci\u00f3n no podr\u00eda existir sin amor. La decisi\u00f3n de qu\u00e9 cuidador se convertir\u00eda en el cuidador principal la tom\u00f3 la gerencia en funci\u00f3n del n\u00famero de ni\u00f1os principales ya asignados a cada cuidador. La preferencia del ni\u00f1o no influy\u00f3 en el proceso de selecci\u00f3n.<\/span>\n<h4>Perspectiva y reconocimiento del ni\u00f1o<span style=\"font-weight: 400;\">:<\/span><\/h4>\n<span style=\"font-weight: 400;\">Desde la perspectiva de los ni\u00f1os, r\u00e1pidamente se dieron cuenta de que un adulto les dedicaba m\u00e1s tiempo y atenci\u00f3n. Esta distinci\u00f3n fue evidente incluso en los beb\u00e9s, que exhibieron m\u00e1s burlas y movimientos durante el cambio de tiempo con sus cuidadores principales. A medida que los ni\u00f1os crec\u00edan y desarrollaban habilidades ling\u00fc\u00edsticas, expresaron sus preferencias, destacando su comodidad y confianza en su cuidador principal.<\/span>\n\n<span style=\"font-weight: 400;\">Fue importante establecer l\u00edmites claros y responsabilidades entre cuidadores y pedagogos, as\u00ed como el \u00e9nfasis en la continuidad y capacitaci\u00f3n en las operaciones del instituto.<\/span>\n<h4>Mantener el equilibrio y los l\u00edmites emocionales:<\/h4>\n<span style=\"font-weight: 400;\">Las conexiones emocionales profundas entre los cuidadores principales y los ni\u00f1os, si bien son valiosas, deben manejarse con cuidado. Para evitar que el cuidador tenga un enfoque excesivo en el ni\u00f1o de primaria, el pedagogo hizo recomendaciones para cambiar la atenci\u00f3n a otros ni\u00f1os del grupo. Al distribuir la energ\u00eda de manera m\u00e1s uniforme, los cuidadores podr\u00edan lograr un equilibrio y evitar crear una marcada distinci\u00f3n entre el ni\u00f1o principal y los dem\u00e1s.<\/span>\n<h4>Libros de registro diarios y diarios de desarrollo<span style=\"font-weight: 400;\">:<\/span><\/h4>\n<span style=\"font-weight: 400;\">La implementaci\u00f3n de libros de registro diarios permiti\u00f3 a los cuidadores registrar informaci\u00f3n sobre todos los ni\u00f1os bajo su cuidado, fomentando una comprensi\u00f3n hol\u00edstica de las necesidades y el desarrollo de cada ni\u00f1o. Adem\u00e1s, la introducci\u00f3n de diarios de desarrollo, mantenidos exclusivamente por los cuidadores principales, ofreci\u00f3 un an\u00e1lisis m\u00e1s profundo del progreso del desarrollo de un ni\u00f1o espec\u00edfico.<\/span>\n<h4>El papel de los pedagogos<span style=\"font-weight: 400;\">:<\/span><\/h4>\n<span style=\"font-weight: 400;\">Con el paso del tiempo, se hizo evidente la necesidad de apoyo adicional dentro del instituto. En 1955, Pikler y Maria reconocieron el valor de la orientaci\u00f3n pedag\u00f3gica y contrataron a una maestra de jard\u00edn de infantes, Lili Szeredy y luego a otros, para que cumplieran esta funci\u00f3n. Inicialmente, los pedagogos se enfocaron en ampliar las experiencias de los ni\u00f1os, organizar actividades y brindar apoyo a los cuidadores. Sus tareas evolucionaron gradualmente para incluir la capacitaci\u00f3n de nuevos cuidadores, realizar observaciones, participar en investigaciones e incluso involucrarse en iniciativas pedag\u00f3gicas nacionales.<\/span>\t\t\t\t\t\t\t\t<\/div>\n\t\t\t\t<\/div>\n\t\t\t\t<\/div>\n\t\t\t\t\t<\/div>\n\t\t\t\t<\/div>\n\t\t<div class=\"elementor-element elementor-element-9a3493a e-flex e-con-boxed e-con e-parent\" data-id=\"9a3493a\" data-element_type=\"container\" data-e-type=\"container\">\n\t\t\t\t\t<div class=\"e-con-inner\">\n\t\t<div class=\"elementor-element elementor-element-9717bab e-con-full e-flex e-con e-child\" data-id=\"9717bab\" data-element_type=\"container\" data-e-type=\"container\">\n\t\t\t\t<\/div>\n\t\t<div class=\"elementor-element elementor-element-0a27538 e-con-full e-flex e-con e-child\" data-id=\"0a27538\" data-element_type=\"container\" data-e-type=\"container\">\n\t\t\t\t<\/div>\n\t\t\t\t\t<\/div>\n\t\t\t\t<\/div>\n\t\t<div class=\"elementor-element elementor-element-1227c09 e-flex e-con-boxed e-con e-parent\" data-id=\"1227c09\" data-element_type=\"container\" data-e-type=\"container\">\n\t\t\t\t\t<div class=\"e-con-inner\">\n\t\t<div class=\"elementor-element elementor-element-48184c8 e-con-full e-flex e-con e-child\" data-id=\"48184c8\" data-element_type=\"container\" data-e-type=\"container\">\n\t\t\t\t<div class=\"elementor-element elementor-element-e6036cb elementor-widget elementor-widget-text-editor\" data-id=\"e6036cb\" data-element_type=\"widget\" data-e-type=\"widget\" data-widget_type=\"text-editor.default\">\n\t\t\t\t<div class=\"elementor-widget-container\">\n\t\t\t\t\t\t\t\t\t<h4>Establecer responsabilidades claras<span style=\"font-weight: 400;\">:<\/span><\/h4><p><span style=\"font-weight: 400;\">Aclarar las funciones y responsabilidades entre pedagogos y cuidadores result\u00f3 ser un desaf\u00edo a largo plazo en el Instituto Loczy. Con el tiempo, se asignaron tareas espec\u00edficas a los pedagogos para garantizar el buen funcionamiento. Se hicieron responsables de monitorear la relaci\u00f3n cuidador-ni\u00f1o revisando los diarios de desarrollo. Adem\u00e1s, la formaci\u00f3n de nuevos cuidadores se convirti\u00f3 en un deber pedag\u00f3gico distinto, fomentando la coherencia y la calidad dentro del instituto.<\/span><\/p><h4>Perspectivas cambiantes y grupos de edad ampliados<span style=\"font-weight: 400;\">:<\/span><\/h4><p><span style=\"font-weight: 400;\">Durante las d\u00e9cadas de 1960 y 1980, el Instituto Loczy enfrent\u00f3 cambios de perspectiva y ampli\u00f3 el rango de edad de los ni\u00f1os bajo su cuidado. Antes de que el Dr. Pikler se jubilara en 1979, se decidi\u00f3 que el instituto se enfocar\u00eda \u00fanicamente en ni\u00f1os menores de tres a\u00f1os. Sin embargo, despu\u00e9s de su jubilaci\u00f3n, bajo el liderazgo del Dr. Faulk, el enfoque cambi\u00f3 para favorecer estad\u00edas m\u00e1s prolongadas en el mismo entorno, alentando a los ni\u00f1os a quedarse hasta que pudieran hacer la transici\u00f3n a una colocaci\u00f3n permanente.<\/span><\/p><h4>Capacitaci\u00f3n y tutor\u00eda<span style=\"font-weight: 400;\">:<\/span><\/h4><p><span style=\"font-weight: 400;\">A medida que la rotaci\u00f3n se convirti\u00f3 en un problema, el instituto implement\u00f3 estrategias para garantizar una atenci\u00f3n constante y de calidad. Los nuevos miembros del personal recibieron una capacitaci\u00f3n integral y se les asignaron mentores para guiarlos durante su per\u00edodo inicial. Los pedagogos jugaron un papel crucial en este proceso de capacitaci\u00f3n, ofreciendo apoyo, conocimientos y observaciones para ayudarlos en su desarrollo como cuidadores.<\/span><\/p><h4>Continuidad y reglas de oro<span style=\"font-weight: 400;\">:<\/span><\/h4><p><span style=\"font-weight: 400;\">La continuidad sigui\u00f3 siendo un principio vital dentro del Instituto Loczy. Se establecieron reglas de oro para mantener la coherencia y minimizar las interrupciones. Por ejemplo, a los cuidadores de diferentes grupos no se les permit\u00eda sustituirse unos a otros, ya que la consistencia en el cuidado era primordial. Los pedagogos, sin embargo, podr\u00edan ayudar a otros grupos cuando sea necesario. La atenci\u00f3n se centr\u00f3 en la relaci\u00f3n duradera entre el cuidador y el ni\u00f1o.<\/span><\/p><h4>Conclusi\u00f3n<span style=\"font-weight: 400;\">:<\/span><\/h4><p><span style=\"font-weight: 400;\">El Modelo Pikler, iniciado por Emmi Pikler y Maria Reintiz, revolucion\u00f3 los roles de los pedagogos y cuidadores primarios en el cuidado infantil. Al priorizar los movimientos suaves, el juego sin interrupciones y la documentaci\u00f3n completa, establecieron una base que foment\u00f3 un desarrollo infantil saludable y hol\u00edstico. Su riguroso proceso de selecci\u00f3n y supervisi\u00f3n continua aseguraron la implementaci\u00f3n de sus principios en el Instituto Loczy. En la actualidad, sus conocimientos siguen dando forma al campo del cuidado infantil y brindan lecciones valiosas para los cuidadores de todo el mundo.<\/span><\/p><p><span style=\"font-weight: 400;\">El enfoque del Modelo Pikler en la observaci\u00f3n, la documentaci\u00f3n y el establecimiento de cuidadores primarios transform\u00f3 los roles de los pedagogos y cuidadores primarios en el cuidado infantil. A trav\u00e9s de una documentaci\u00f3n completa, una observaci\u00f3n cuidadosa y las relaciones enriquecedoras entre los cuidadores y los ni\u00f1os, el Instituto Loczy foment\u00f3 un entorno de apoyo que foment\u00f3 el desarrollo infantil saludable. La exploraci\u00f3n continua de los cuidadores primarios trajo tanto desaf\u00edos como beneficios, y en \u00faltima instancia dio forma a los v\u00ednculos \u00fanicos entre los cuidadores y los ni\u00f1os en el instituto.<\/span><\/p><p><span style=\"font-weight: 400;\">Los roles de pedagogos y cuidadores en el Modelo Pikler experimentaron una notable evoluci\u00f3n en el Instituto Loczy. Se establecieron l\u00edmites y responsabilidades m\u00e1s claros, y se introdujeron actividades para mejorar las experiencias de los ni\u00f1os. El \u00e9nfasis en la continuidad, la capacitaci\u00f3n y la tutor\u00eda asegur\u00f3 un ambiente consistente y enriquecedor para los ni\u00f1os. Al refinar continuamente su enfoque, el Instituto Loczy hizo contribuciones significativas al campo del cuidado infantil y sent\u00f3 un precedente para las pr\u00e1cticas de cuidado hol\u00edsticas y respetuosas.<\/span><\/p>\t\t\t\t\t\t\t\t<\/div>\n\t\t\t\t<\/div>\n\t\t\t\t<\/div>\n\t\t\t\t\t<\/div>\n\t\t\t\t<\/div>\n\t\t\t\t<\/div>\n\t\t","protected":false},"excerpt":{"rendered":"<p>Esta publicaci\u00f3n de blog explora c\u00f3mo establecieron el Instituto Loczy, destacando su meticuloso proceso de selecci\u00f3n de cuidadores y los principios b\u00e1sicos que enfatizaron, como movimientos suaves, juego sin interrupciones y documentaci\u00f3n completa.<\/p>\n","protected":false},"author":1,"featured_media":0,"comment_status":"closed","ping_status":"open","sticky":false,"template":"","format":"standard","meta":{"footnotes":""},"categories":[137],"tags":[],"class_list":["post-12466","post","type-post","status-publish","format-standard","hentry","category-taller-de-educacion"],"yoast_head":"<!-- This site is optimized with the Yoast SEO plugin v27.5 - https:\/\/yoast.com\/product\/yoast-seo-wordpress\/ -->\n<title>La evoluci\u00f3n de los roles en el cuidado infantil: conocimientos del modelo de Pikler sobre observaciones, diarios y cuidadores primarios | PS FamilyNYC<\/title>\n<meta name=\"robots\" content=\"index, follow, max-snippet:-1, max-image-preview:large, max-video-preview:-1\" \/>\n<link rel=\"canonical\" href=\"https:\/\/www.psfamilynyc.org\/es\/la-evolucion-de-los-roles-en-el-cuidado-infantil-percepciones-desde-el-modelo-pikler-sobre-observaciones-diarios-y-cuidadores-primarios\/\" \/>\n<meta property=\"og:locale\" content=\"es_ES\" \/>\n<meta property=\"og:type\" content=\"article\" \/>\n<meta property=\"og:title\" content=\"La evoluci\u00f3n de los roles en el cuidado infantil: conocimientos del modelo de Pikler sobre observaciones, diarios y cuidadores primarios | PS FamilyNYC\" \/>\n<meta property=\"og:description\" content=\"Esta publicaci\u00f3n de blog explora c\u00f3mo establecieron el Instituto Loczy, destacando su meticuloso proceso de selecci\u00f3n de cuidadores y los principios b\u00e1sicos que enfatizaron, como movimientos suaves, juego sin interrupciones y documentaci\u00f3n completa.\" \/>\n<meta property=\"og:url\" content=\"https:\/\/www.psfamilynyc.org\/es\/la-evolucion-de-los-roles-en-el-cuidado-infantil-percepciones-desde-el-modelo-pikler-sobre-observaciones-diarios-y-cuidadores-primarios\/\" \/>\n<meta property=\"og:site_name\" content=\"PS FamilyNYC\" \/>\n<meta property=\"article:publisher\" content=\"https:\/\/www.facebook.com\/PSfamilyNYC\" \/>\n<meta property=\"article:published_time\" content=\"2023-08-07T17:47:16+00:00\" \/>\n<meta property=\"article:modified_time\" content=\"2023-08-07T17:52:44+00:00\" \/>\n<meta property=\"og:image\" content=\"https:\/\/www.psfamilynyc.org\/wp-content\/uploads\/2023\/01\/ps_family_web_logos-03.png\" \/>\n\t<meta property=\"og:image:width\" content=\"513\" \/>\n\t<meta property=\"og:image:height\" content=\"513\" \/>\n\t<meta property=\"og:image:type\" content=\"image\/png\" \/>\n<meta name=\"author\" content=\"Program Support\" \/>\n<meta name=\"twitter:card\" content=\"summary_large_image\" \/>\n<meta name=\"twitter:creator\" content=\"@PSfamilyNYC\" \/>\n<meta name=\"twitter:site\" content=\"@PSfamilyNYC\" \/>\n<meta name=\"twitter:label1\" content=\"Escrito por\" \/>\n\t<meta name=\"twitter:data1\" content=\"Program Support\" \/>\n\t<meta name=\"twitter:label2\" content=\"Tiempo de lectura\" \/>\n\t<meta name=\"twitter:data2\" content=\"10 minutos\" \/>\n<script type=\"application\/ld+json\" class=\"yoast-schema-graph\">{\"@context\":\"https:\\\/\\\/schema.org\",\"@graph\":[{\"@type\":\"Article\",\"@id\":\"https:\\\/\\\/www.psfamilynyc.org\\\/es\\\/la-evolucion-de-los-roles-en-el-cuidado-infantil-percepciones-desde-el-modelo-pikler-sobre-observaciones-diarios-y-cuidadores-primarios\\\/#article\",\"isPartOf\":{\"@id\":\"https:\\\/\\\/www.psfamilynyc.org\\\/es\\\/la-evolucion-de-los-roles-en-el-cuidado-infantil-percepciones-desde-el-modelo-pikler-sobre-observaciones-diarios-y-cuidadores-primarios\\\/\"},\"author\":{\"name\":\"Program Support\",\"@id\":\"https:\\\/\\\/www.psfamilynyc.org\\\/es\\\/#\\\/schema\\\/person\\\/695de94fe649f6bc48d93fa2b91dde7e\"},\"headline\":\"La evoluci\u00f3n de los roles en el cuidado infantil: conocimientos del modelo de Pikler sobre observaciones, diarios y cuidadores primarios\",\"datePublished\":\"2023-08-07T17:47:16+00:00\",\"dateModified\":\"2023-08-07T17:52:44+00:00\",\"mainEntityOfPage\":{\"@id\":\"https:\\\/\\\/www.psfamilynyc.org\\\/es\\\/la-evolucion-de-los-roles-en-el-cuidado-infantil-percepciones-desde-el-modelo-pikler-sobre-observaciones-diarios-y-cuidadores-primarios\\\/\"},\"wordCount\":2408,\"publisher\":{\"@id\":\"https:\\\/\\\/www.psfamilynyc.org\\\/es\\\/#organization\"},\"articleSection\":[\"Taller de Educaci\u00f3n\"],\"inLanguage\":\"es\"},{\"@type\":\"WebPage\",\"@id\":\"https:\\\/\\\/www.psfamilynyc.org\\\/es\\\/la-evolucion-de-los-roles-en-el-cuidado-infantil-percepciones-desde-el-modelo-pikler-sobre-observaciones-diarios-y-cuidadores-primarios\\\/\",\"url\":\"https:\\\/\\\/www.psfamilynyc.org\\\/es\\\/la-evolucion-de-los-roles-en-el-cuidado-infantil-percepciones-desde-el-modelo-pikler-sobre-observaciones-diarios-y-cuidadores-primarios\\\/\",\"name\":\"La evoluci\u00f3n de los roles en el cuidado infantil: conocimientos del modelo de Pikler sobre observaciones, diarios y cuidadores primarios | PS FamilyNYC\",\"isPartOf\":{\"@id\":\"https:\\\/\\\/www.psfamilynyc.org\\\/es\\\/#website\"},\"datePublished\":\"2023-08-07T17:47:16+00:00\",\"dateModified\":\"2023-08-07T17:52:44+00:00\",\"breadcrumb\":{\"@id\":\"https:\\\/\\\/www.psfamilynyc.org\\\/es\\\/la-evolucion-de-los-roles-en-el-cuidado-infantil-percepciones-desde-el-modelo-pikler-sobre-observaciones-diarios-y-cuidadores-primarios\\\/#breadcrumb\"},\"inLanguage\":\"es\",\"potentialAction\":[{\"@type\":\"ReadAction\",\"target\":[\"https:\\\/\\\/www.psfamilynyc.org\\\/es\\\/la-evolucion-de-los-roles-en-el-cuidado-infantil-percepciones-desde-el-modelo-pikler-sobre-observaciones-diarios-y-cuidadores-primarios\\\/\"]}]},{\"@type\":\"BreadcrumbList\",\"@id\":\"https:\\\/\\\/www.psfamilynyc.org\\\/es\\\/la-evolucion-de-los-roles-en-el-cuidado-infantil-percepciones-desde-el-modelo-pikler-sobre-observaciones-diarios-y-cuidadores-primarios\\\/#breadcrumb\",\"itemListElement\":[{\"@type\":\"ListItem\",\"position\":1,\"name\":\"Home\",\"item\":\"https:\\\/\\\/www.psfamilynyc.org\\\/es\\\/inicio\\\/\"},{\"@type\":\"ListItem\",\"position\":2,\"name\":\"La evoluci\u00f3n de los roles en el cuidado infantil: conocimientos del modelo de Pikler sobre observaciones, diarios y cuidadores primarios\"}]},{\"@type\":\"WebSite\",\"@id\":\"https:\\\/\\\/www.psfamilynyc.org\\\/es\\\/#website\",\"url\":\"https:\\\/\\\/www.psfamilynyc.org\\\/es\\\/\",\"name\":\"PS FamilyNYC\",\"description\":\"Una red de atenci\u00f3n infantil familiar dedicada a facilitar el acceso a la atenci\u00f3n infantil a domicilio.\",\"publisher\":{\"@id\":\"https:\\\/\\\/www.psfamilynyc.org\\\/es\\\/#organization\"},\"alternateName\":\"Program Support FCCN\",\"potentialAction\":[{\"@type\":\"SearchAction\",\"target\":{\"@type\":\"EntryPoint\",\"urlTemplate\":\"https:\\\/\\\/www.psfamilynyc.org\\\/es\\\/?s={search_term_string}\"},\"query-input\":{\"@type\":\"PropertyValueSpecification\",\"valueRequired\":true,\"valueName\":\"search_term_string\"}}],\"inLanguage\":\"es\"},{\"@type\":\"Organization\",\"@id\":\"https:\\\/\\\/www.psfamilynyc.org\\\/es\\\/#organization\",\"name\":\"Program Support FCCN\",\"alternateName\":\"PS Family NYC\",\"url\":\"https:\\\/\\\/www.psfamilynyc.org\\\/es\\\/\",\"logo\":{\"@type\":\"ImageObject\",\"inLanguage\":\"es\",\"@id\":\"https:\\\/\\\/www.psfamilynyc.org\\\/es\\\/#\\\/schema\\\/logo\\\/image\\\/\",\"url\":\"https:\\\/\\\/www.psfamilynyc.org\\\/wp-content\\\/uploads\\\/2023\\\/01\\\/cropped-ps_family_web_logos-03.png\",\"contentUrl\":\"https:\\\/\\\/www.psfamilynyc.org\\\/wp-content\\\/uploads\\\/2023\\\/01\\\/cropped-ps_family_web_logos-03.png\",\"width\":512,\"height\":512,\"caption\":\"Program Support FCCN\"},\"image\":{\"@id\":\"https:\\\/\\\/www.psfamilynyc.org\\\/es\\\/#\\\/schema\\\/logo\\\/image\\\/\"},\"sameAs\":[\"https:\\\/\\\/www.facebook.com\\\/PSfamilyNYC\",\"https:\\\/\\\/x.com\\\/PSfamilyNYC\"]},{\"@type\":\"Person\",\"@id\":\"https:\\\/\\\/www.psfamilynyc.org\\\/es\\\/#\\\/schema\\\/person\\\/695de94fe649f6bc48d93fa2b91dde7e\",\"name\":\"Program Support\",\"image\":{\"@type\":\"ImageObject\",\"inLanguage\":\"es\",\"@id\":\"https:\\\/\\\/secure.gravatar.com\\\/avatar\\\/bdb43e08567d5b1f6499a54a9a493e80a4b1026156ebc70f123edc20943e1c74?s=96&d=monsterid&r=g\",\"url\":\"https:\\\/\\\/secure.gravatar.com\\\/avatar\\\/bdb43e08567d5b1f6499a54a9a493e80a4b1026156ebc70f123edc20943e1c74?s=96&d=monsterid&r=g\",\"contentUrl\":\"https:\\\/\\\/secure.gravatar.com\\\/avatar\\\/bdb43e08567d5b1f6499a54a9a493e80a4b1026156ebc70f123edc20943e1c74?s=96&d=monsterid&r=g\",\"caption\":\"Program Support\"},\"sameAs\":[\"https:\\\/\\\/www.psfamilynyc.org\"],\"url\":\"https:\\\/\\\/www.psfamilynyc.org\\\/es\\\/author\\\/ps_family_nyc\\\/\"}]}<\/script>\n<!-- \/ Yoast SEO plugin. -->","yoast_head_json":{"title":"La evoluci\u00f3n de los roles en el cuidado infantil: conocimientos del modelo de Pikler sobre observaciones, diarios y cuidadores primarios | PS FamilyNYC","robots":{"index":"index","follow":"follow","max-snippet":"max-snippet:-1","max-image-preview":"max-image-preview:large","max-video-preview":"max-video-preview:-1"},"canonical":"https:\/\/www.psfamilynyc.org\/es\/la-evolucion-de-los-roles-en-el-cuidado-infantil-percepciones-desde-el-modelo-pikler-sobre-observaciones-diarios-y-cuidadores-primarios\/","og_locale":"es_ES","og_type":"article","og_title":"La evoluci\u00f3n de los roles en el cuidado infantil: conocimientos del modelo de Pikler sobre observaciones, diarios y cuidadores primarios | PS FamilyNYC","og_description":"Esta publicaci\u00f3n de blog explora c\u00f3mo establecieron el Instituto Loczy, destacando su meticuloso proceso de selecci\u00f3n de cuidadores y los principios b\u00e1sicos que enfatizaron, como movimientos suaves, juego sin interrupciones y documentaci\u00f3n completa.","og_url":"https:\/\/www.psfamilynyc.org\/es\/la-evolucion-de-los-roles-en-el-cuidado-infantil-percepciones-desde-el-modelo-pikler-sobre-observaciones-diarios-y-cuidadores-primarios\/","og_site_name":"PS FamilyNYC","article_publisher":"https:\/\/www.facebook.com\/PSfamilyNYC","article_published_time":"2023-08-07T17:47:16+00:00","article_modified_time":"2023-08-07T17:52:44+00:00","og_image":[{"width":513,"height":513,"url":"https:\/\/www.psfamilynyc.org\/wp-content\/uploads\/2023\/01\/ps_family_web_logos-03.png","type":"image\/png"}],"author":"Program Support","twitter_card":"summary_large_image","twitter_creator":"@PSfamilyNYC","twitter_site":"@PSfamilyNYC","twitter_misc":{"Escrito por":"Program Support","Tiempo de lectura":"10 minutos"},"schema":{"@context":"https:\/\/schema.org","@graph":[{"@type":"Article","@id":"https:\/\/www.psfamilynyc.org\/es\/la-evolucion-de-los-roles-en-el-cuidado-infantil-percepciones-desde-el-modelo-pikler-sobre-observaciones-diarios-y-cuidadores-primarios\/#article","isPartOf":{"@id":"https:\/\/www.psfamilynyc.org\/es\/la-evolucion-de-los-roles-en-el-cuidado-infantil-percepciones-desde-el-modelo-pikler-sobre-observaciones-diarios-y-cuidadores-primarios\/"},"author":{"name":"Program Support","@id":"https:\/\/www.psfamilynyc.org\/es\/#\/schema\/person\/695de94fe649f6bc48d93fa2b91dde7e"},"headline":"La evoluci\u00f3n de los roles en el cuidado infantil: conocimientos del modelo de Pikler sobre observaciones, diarios y cuidadores primarios","datePublished":"2023-08-07T17:47:16+00:00","dateModified":"2023-08-07T17:52:44+00:00","mainEntityOfPage":{"@id":"https:\/\/www.psfamilynyc.org\/es\/la-evolucion-de-los-roles-en-el-cuidado-infantil-percepciones-desde-el-modelo-pikler-sobre-observaciones-diarios-y-cuidadores-primarios\/"},"wordCount":2408,"publisher":{"@id":"https:\/\/www.psfamilynyc.org\/es\/#organization"},"articleSection":["Taller de Educaci\u00f3n"],"inLanguage":"es"},{"@type":"WebPage","@id":"https:\/\/www.psfamilynyc.org\/es\/la-evolucion-de-los-roles-en-el-cuidado-infantil-percepciones-desde-el-modelo-pikler-sobre-observaciones-diarios-y-cuidadores-primarios\/","url":"https:\/\/www.psfamilynyc.org\/es\/la-evolucion-de-los-roles-en-el-cuidado-infantil-percepciones-desde-el-modelo-pikler-sobre-observaciones-diarios-y-cuidadores-primarios\/","name":"La evoluci\u00f3n de los roles en el cuidado infantil: conocimientos del modelo de Pikler sobre observaciones, diarios y cuidadores primarios | PS FamilyNYC","isPartOf":{"@id":"https:\/\/www.psfamilynyc.org\/es\/#website"},"datePublished":"2023-08-07T17:47:16+00:00","dateModified":"2023-08-07T17:52:44+00:00","breadcrumb":{"@id":"https:\/\/www.psfamilynyc.org\/es\/la-evolucion-de-los-roles-en-el-cuidado-infantil-percepciones-desde-el-modelo-pikler-sobre-observaciones-diarios-y-cuidadores-primarios\/#breadcrumb"},"inLanguage":"es","potentialAction":[{"@type":"ReadAction","target":["https:\/\/www.psfamilynyc.org\/es\/la-evolucion-de-los-roles-en-el-cuidado-infantil-percepciones-desde-el-modelo-pikler-sobre-observaciones-diarios-y-cuidadores-primarios\/"]}]},{"@type":"BreadcrumbList","@id":"https:\/\/www.psfamilynyc.org\/es\/la-evolucion-de-los-roles-en-el-cuidado-infantil-percepciones-desde-el-modelo-pikler-sobre-observaciones-diarios-y-cuidadores-primarios\/#breadcrumb","itemListElement":[{"@type":"ListItem","position":1,"name":"Home","item":"https:\/\/www.psfamilynyc.org\/es\/inicio\/"},{"@type":"ListItem","position":2,"name":"La evoluci\u00f3n de los roles en el cuidado infantil: conocimientos del modelo de Pikler sobre observaciones, diarios y cuidadores primarios"}]},{"@type":"WebSite","@id":"https:\/\/www.psfamilynyc.org\/es\/#website","url":"https:\/\/www.psfamilynyc.org\/es\/","name":"PS FamilyNYC","description":"Una red de atenci\u00f3n infantil familiar dedicada a facilitar el acceso a la atenci\u00f3n infantil a domicilio.","publisher":{"@id":"https:\/\/www.psfamilynyc.org\/es\/#organization"},"alternateName":"Program Support FCCN","potentialAction":[{"@type":"SearchAction","target":{"@type":"EntryPoint","urlTemplate":"https:\/\/www.psfamilynyc.org\/es\/?s={search_term_string}"},"query-input":{"@type":"PropertyValueSpecification","valueRequired":true,"valueName":"search_term_string"}}],"inLanguage":"es"},{"@type":"Organization","@id":"https:\/\/www.psfamilynyc.org\/es\/#organization","name":"Program Support FCCN","alternateName":"PS Family NYC","url":"https:\/\/www.psfamilynyc.org\/es\/","logo":{"@type":"ImageObject","inLanguage":"es","@id":"https:\/\/www.psfamilynyc.org\/es\/#\/schema\/logo\/image\/","url":"https:\/\/www.psfamilynyc.org\/wp-content\/uploads\/2023\/01\/cropped-ps_family_web_logos-03.png","contentUrl":"https:\/\/www.psfamilynyc.org\/wp-content\/uploads\/2023\/01\/cropped-ps_family_web_logos-03.png","width":512,"height":512,"caption":"Program Support FCCN"},"image":{"@id":"https:\/\/www.psfamilynyc.org\/es\/#\/schema\/logo\/image\/"},"sameAs":["https:\/\/www.facebook.com\/PSfamilyNYC","https:\/\/x.com\/PSfamilyNYC"]},{"@type":"Person","@id":"https:\/\/www.psfamilynyc.org\/es\/#\/schema\/person\/695de94fe649f6bc48d93fa2b91dde7e","name":"Program Support","image":{"@type":"ImageObject","inLanguage":"es","@id":"https:\/\/secure.gravatar.com\/avatar\/bdb43e08567d5b1f6499a54a9a493e80a4b1026156ebc70f123edc20943e1c74?s=96&d=monsterid&r=g","url":"https:\/\/secure.gravatar.com\/avatar\/bdb43e08567d5b1f6499a54a9a493e80a4b1026156ebc70f123edc20943e1c74?s=96&d=monsterid&r=g","contentUrl":"https:\/\/secure.gravatar.com\/avatar\/bdb43e08567d5b1f6499a54a9a493e80a4b1026156ebc70f123edc20943e1c74?s=96&d=monsterid&r=g","caption":"Program Support"},"sameAs":["https:\/\/www.psfamilynyc.org"],"url":"https:\/\/www.psfamilynyc.org\/es\/author\/ps_family_nyc\/"}]}},"_links":{"self":[{"href":"https:\/\/www.psfamilynyc.org\/es\/wp-json\/wp\/v2\/posts\/12466","targetHints":{"allow":["GET"]}}],"collection":[{"href":"https:\/\/www.psfamilynyc.org\/es\/wp-json\/wp\/v2\/posts"}],"about":[{"href":"https:\/\/www.psfamilynyc.org\/es\/wp-json\/wp\/v2\/types\/post"}],"author":[{"embeddable":true,"href":"https:\/\/www.psfamilynyc.org\/es\/wp-json\/wp\/v2\/users\/1"}],"replies":[{"embeddable":true,"href":"https:\/\/www.psfamilynyc.org\/es\/wp-json\/wp\/v2\/comments?post=12466"}],"version-history":[{"count":0,"href":"https:\/\/www.psfamilynyc.org\/es\/wp-json\/wp\/v2\/posts\/12466\/revisions"}],"wp:attachment":[{"href":"https:\/\/www.psfamilynyc.org\/es\/wp-json\/wp\/v2\/media?parent=12466"}],"wp:term":[{"taxonomy":"category","embeddable":true,"href":"https:\/\/www.psfamilynyc.org\/es\/wp-json\/wp\/v2\/categories?post=12466"},{"taxonomy":"post_tag","embeddable":true,"href":"https:\/\/www.psfamilynyc.org\/es\/wp-json\/wp\/v2\/tags?post=12466"}],"curies":[{"name":"wp","href":"https:\/\/api.w.org\/{rel}","templated":true}]}}