{"id":12502,"date":"2023-08-07T18:21:26","date_gmt":"2023-08-07T18:21:26","guid":{"rendered":"https:\/\/www.psfamilynyc.org\/?p=12502"},"modified":"2023-09-05T14:38:46","modified_gmt":"2023-09-05T14:38:46","slug":"notas-del-dia-1-de-la-capacitacion-sobre-cuidados-de-pikler-en-budapest","status":"publish","type":"post","link":"https:\/\/www.psfamilynyc.org\/es\/notas-del-dia-1-de-la-capacitacion-sobre-cuidados-de-pikler-en-budapest\/","title":{"rendered":"Pikler Care Pedagogy: fomentar el desarrollo saludable y el cuidado comprensivo"},"content":{"rendered":"\t\t<div data-elementor-type=\"wp-post\" data-elementor-id=\"12502\" class=\"elementor elementor-12502\" data-elementor-post-type=\"post\">\n\t\t\t\t<div class=\"elementor-element elementor-element-6910c3d e-flex e-con-boxed e-con e-parent\" data-id=\"6910c3d\" data-element_type=\"container\" data-e-type=\"container\">\n\t\t\t\t\t<div class=\"e-con-inner\">\n\t\t<div class=\"elementor-element elementor-element-1b5ff45 e-con-full e-flex e-con e-child\" data-id=\"1b5ff45\" data-element_type=\"container\" data-e-type=\"container\">\n\t\t\t\t<div class=\"elementor-element elementor-element-0ddc755 elementor-blockquote--skin-quotation elementor-blockquote--align-left elementor-widget elementor-widget-blockquote\" data-id=\"0ddc755\" data-element_type=\"widget\" data-e-type=\"widget\" data-widget_type=\"blockquote.default\">\n\t\t\t\t<div class=\"elementor-widget-container\">\n\t\t\t\t\t\t\t<blockquote class=\"elementor-blockquote\">\n\t\t\t<p class=\"elementor-blockquote__content\">\n\t\t\t\tLos entusiastas de Pikler de todo el mundo se reunieron el lunes 2 de febrero y se embarcaron en un viaje de una semana para aprender sobre la pedagog\u00eda del cuidado de Emmi Pikler. Con la aspiraci\u00f3n de convertirse en pedagogos de Pikler, los participantes participaron en una sesi\u00f3n interactiva el primer d\u00eda del curso. Se les pidi\u00f3 que compartieran su conocimiento existente de Pikler Care y expresaran sus \u00e1reas de aprendizaje deseadas.\t\t\t<\/p>\n\t\t\t\t\t<\/blockquote>\n\t\t\t\t\t\t<\/div>\n\t\t\t\t<\/div>\n\t\t\t\t<div class=\"elementor-element elementor-element-99fb632 elementor-widget elementor-widget-spacer\" data-id=\"99fb632\" data-element_type=\"widget\" data-e-type=\"widget\" data-widget_type=\"spacer.default\">\n\t\t\t\t<div class=\"elementor-widget-container\">\n\t\t\t\t\t\t\t<div class=\"elementor-spacer\">\n\t\t\t<div class=\"elementor-spacer-inner\"><\/div>\n\t\t<\/div>\n\t\t\t\t\t\t<\/div>\n\t\t\t\t<\/div>\n\t\t\t\t<div class=\"elementor-element elementor-element-b3136f6 elementor-widget elementor-widget-text-editor\" data-id=\"b3136f6\" data-element_type=\"widget\" data-e-type=\"widget\" data-widget_type=\"text-editor.default\">\n\t\t\t\t<div class=\"elementor-widget-container\">\n\t\t\t\t\t\t\t\t\t<p>Los entusiastas de Pikler de todo el mundo se reunieron el lunes 2 de febrero y se embarcaron en un viaje de una semana para aprender sobre la pedagog\u00eda del cuidado de Emmi Pikler. Con la aspiraci\u00f3n de convertirse en pedagogos de Pikler, los participantes participaron en una sesi\u00f3n interactiva el primer d\u00eda del curso. Se les pidi\u00f3 que compartieran su conocimiento existente de Pikler Care y expresaran sus \u00e1reas de aprendizaje deseadas.<\/p><p>Anja de Eslovenia brind\u00f3 una perspectiva notable, enfatizando que los ni\u00f1os nacen inherentemente para explorar el mundo. Dadas las oportunidades adecuadas, esta exploraci\u00f3n puede ser una experiencia alegre y gratificante para ellos, ya que necesitan mucho tiempo para descubrir el mundo a su propio ritmo, en su tiempo \u00fanico de beb\u00e9.<\/p><p>La sesi\u00f3n inaugural estuvo a cargo de Szusza, directora del Instituto Pikler, quien aclar\u00f3 que el curso se centr\u00f3 en el cuidado f\u00edsico y emocional. Antes de profundizar en las ense\u00f1anzas, Szusza comparti\u00f3 hechos menos conocidos sobre los antecedentes de la Dra. Emmi Pikler.<\/p><p>La Dra. Emmi Pikler (1902-1984) proven\u00eda de una familia jud\u00eda h\u00fangara y su padre estaba involucrado en la producci\u00f3n de tablas para hornear. Su madre, maestra de jard\u00edn de infantes, tuvo una profunda influencia en su enfoque de la crianza de los hijos. Despu\u00e9s del fallecimiento de su madre cuando Emmi ten\u00eda 12 a\u00f1os, comenz\u00f3 a comprender la importancia de la crianza emp\u00e1tica. Esta experiencia temprana dio forma a sus futuras interacciones con padres e hijos.<\/p><p>Durante su pasant\u00eda como m\u00e9dico en Viena, el Dr. Pikler tuvo la oportunidad de observar varios enfoques nuevos para el cuidado de los ni\u00f1os. Al trabajar en la cl\u00ednica del Dr. Salsa, obtuvo informaci\u00f3n valiosa sobre el cuidado de los ni\u00f1os, un \u00e1rea que generalmente manejan las enfermeras. Los m\u00e9dicos de la cl\u00ednica tuvieron que aprender a atender a los ni\u00f1os, incluso participando en competencias amistosas para administrar inyecciones sin causarles angustia. Estas experiencias dejaron un impacto duradero en su trabajo.<\/p><p>Otro momento significativo ocurri\u00f3 durante su mandato en una cl\u00ednica con ni\u00f1os de diversos niveles socioecon\u00f3micos. El Dr. Pikler not\u00f3 que los ni\u00f1os de entornos empobrecidos, con menos intervenciones de adultos, ten\u00edan menos accidentes y menos graves en comparaci\u00f3n con los de familias acomodadas que eran monitoreados de cerca.<\/p><p>Su trabajo tambi\u00e9n fue moldeado por sus experiencias durante la Segunda Guerra Mundial y su identidad jud\u00eda. Al enfrentarse a la discriminaci\u00f3n por ser jud\u00eda en Hungr\u00eda, se dedic\u00f3 a la pr\u00e1ctica privada en lugar de trabajar en hospitales. Su esposo, un destacado matem\u00e1tico comunista, la inspir\u00f3 con ideas innovadoras para ense\u00f1ar matem\u00e1ticas a los ni\u00f1os.<\/p><p>El embarazo de la Dra. Pikler en Italia le permiti\u00f3 observar a las ni\u00f1eras cuidando beb\u00e9s en la playa. Se dio cuenta de que las ni\u00f1eras a menudo se enfocaban en los hitos del desarrollo, lo que dificultaba la exploraci\u00f3n y el juego de los ni\u00f1os. Esta realizaci\u00f3n aliment\u00f3 su pasi\u00f3n por comprender y promover el desarrollo infantil saludable.<\/p><p>Usando a su hija Anna como sujeto experimental, la Dra. Pikler y su esposo le permitieron desarrollarse naturalmente a su propio ritmo. Esto la llev\u00f3 a definirse a s\u00ed misma como una pediatra que buscaba comprender el desarrollo normal y saludable de los ni\u00f1os, enfoc\u00e1ndose en su bienestar general en lugar de simplemente identificar enfermedades.<\/p><p>La dedicaci\u00f3n de la Dra. Pikler la llev\u00f3 a crear un libro de renombre con 64 im\u00e1genes, que muestra varios aspectos de su filosof\u00eda de atenci\u00f3n. Hizo hincapi\u00e9 en que los cuidadores deben estar atentos a las rutinas, observar a los ni\u00f1os de cerca y permitirles explorar de forma independiente. Su trabajo con hu\u00e9rfanos durante y despu\u00e9s de la guerra, estableciendo la Casa para Ni\u00f1os Loczy Pikler, ejemplific\u00f3 su compromiso de crear ambientes enriquecedores para el crecimiento de los ni\u00f1os.<\/p><p>La filosof\u00eda del Dr. Pikler se extendi\u00f3 m\u00e1s all\u00e1 de la t\u00e9cnica, enfatizando la importancia de la actitud y la empat\u00eda genuina. Sus observaciones sobre el juego y las interacciones de los ni\u00f1os fueron fundamentales para desarrollar su enfoque. Ella busc\u00f3 comprender las necesidades de los ni\u00f1os y foment\u00f3 relaciones conectadas emocionalmente entre los cuidadores y los ni\u00f1os.<\/p><p>Anna Tardos, la hija del Dr. Pikler, continu\u00f3 el legado del trabajo de su madre. Destac\u00f3 la importancia de los gestos y movimientos espec\u00edficos en el cuidado. Las pr\u00e1cticas y t\u00e9cnicas consistentes fueron cruciales en las guarder\u00edas, especialmente en entornos grupales donde m\u00faltiples cuidadores interact\u00faan con los ni\u00f1os. Sin embargo, Anna enfatiz\u00f3 que la actitud correcta y la conexi\u00f3n emocional con el ni\u00f1o eran igualmente vitales y requer\u00edan madurez y confianza en s\u00ed mismo.<\/p><p>La discusi\u00f3n se ampli\u00f3 para incluir gestos para ni\u00f1os mayores de hasta cuatro o cinco a\u00f1os, donde respetar las se\u00f1ales del ni\u00f1o, observarlo de cerca, mantener la calma y ofrecer empat\u00eda fueron componentes clave. El enfoque en el bienestar del ni\u00f1o permaneci\u00f3 en el centro del enfoque de Pikler, promoviendo un entorno enriquecedor donde los ni\u00f1os pudieran florecer y crecer con una sensaci\u00f3n de seguridad y cuidado.<\/p>\t\t\t\t\t\t\t\t<\/div>\n\t\t\t\t<\/div>\n\t\t\t\t<div class=\"elementor-element elementor-element-5882189 elementor-widget elementor-widget-text-editor\" data-id=\"5882189\" data-element_type=\"widget\" data-e-type=\"widget\" data-widget_type=\"text-editor.default\">\n\t\t\t\t<div class=\"elementor-widget-container\">\n\t\t\t\t\t\t\t\t\t<p>El enfoque de la Dra. Pikler para el cuidado de los ni\u00f1os ha dejado un legado duradero y ha tenido un impacto significativo en la forma en que los cuidadores y educadores interact\u00faan con los ni\u00f1os peque\u00f1os. Su \u00e9nfasis en la empat\u00eda, el respeto y la comprensi\u00f3n de las necesidades de desarrollo del ni\u00f1o ha llevado a enfoques m\u00e1s compasivos y centrados en el ni\u00f1o en varios entornos de cuidado infantil.<\/p><p>Uno de los aspectos cruciales del enfoque de Pikler es el reconocimiento de los beb\u00e9s y ni\u00f1os peque\u00f1os como individuos capaces que participan activamente en su propio desarrollo. Al proporcionar un entorno que fomente la exploraci\u00f3n, la curiosidad y el autodescubrimiento, los cuidadores pueden apoyar los procesos naturales de aprendizaje de los ni\u00f1os.<\/p><p>En muchas guarder\u00edas e instituciones educativas, el m\u00e9todo Pikler se ha integrado en sus planes de estudio, ayudando a crear espacios de crianza que promuevan la autonom\u00eda, el bienestar emocional y el desarrollo saludable de los ni\u00f1os. El enfoque en la coherencia y las pr\u00e1cticas uniformes entre los cuidadores asegura que los ni\u00f1os se sientan seguros y protegidos, ya que pueden confiar en las rutinas e interacciones familiares.<\/p><p>El m\u00e9todo Pikler tambi\u00e9n alienta a los cuidadores a ver sus roles como facilitadores en lugar de directores en la vida de los ni\u00f1os. Al dar un paso atr\u00e1s y permitir que los ni\u00f1os tomen la iniciativa en su juego y exploraci\u00f3n, los cuidadores promueven un sentido de independencia y agencia en los peque\u00f1os.<\/p><p>Adem\u00e1s, el enfoque de Pikler ha influido en el discurso m\u00e1s amplio sobre la educaci\u00f3n de la primera infancia, destacando la importancia del cuidado respetuoso y emp\u00e1tico. Ha desafiado los m\u00e9todos autoritarios tradicionales y enfatizado la importancia de construir fuertes conexiones emocionales con los ni\u00f1os para fomentar su autoestima y confianza.<\/p><p>El impacto del trabajo del Dr. Pikler se extiende m\u00e1s all\u00e1 de las paredes del Instituto Pikler y llega a profesionales del cuidado infantil, educadores y padres de todo el mundo. Su filosof\u00eda ha inspirado investigaciones y estudios sobre el desarrollo infantil y las pr\u00e1cticas de cuidado, contribuyendo a una comprensi\u00f3n m\u00e1s hol\u00edstica de c\u00f3mo las experiencias tempranas dan forma al aprendizaje y el bienestar de un ni\u00f1o durante toda su vida.<\/p><p>A lo largo de los a\u00f1os, el enfoque de Pikler ha seguido evolucionando y adapt\u00e1ndose a las cambiantes necesidades de la sociedad y los avances en la investigaci\u00f3n sobre la primera infancia. Sin embargo, sus valores fundamentales de empat\u00eda, respeto y permitir a los ni\u00f1os la libertad de explorar a su propio ritmo se mantienen firmes.<\/p><p>A medida que perdura el legado de la Dra. Pikler, los educadores y cuidadores contin\u00faan adoptando sus ense\u00f1anzas, esforz\u00e1ndose por crear entornos que promuevan el crecimiento f\u00edsico, emocional y cognitivo de los ni\u00f1os. A trav\u00e9s de la investigaci\u00f3n, la capacitaci\u00f3n y la colaboraci\u00f3n en curso, el m\u00e9todo Pikler contin\u00faa inspirando a las nuevas generaciones de profesionales del cuidado infantil para brindar la mejor atenci\u00f3n posible a los ni\u00f1os peque\u00f1os de todo el mundo.<\/p>\t\t\t\t\t\t\t\t<\/div>\n\t\t\t\t<\/div>\n\t\t\t\t<div class=\"elementor-element elementor-element-7aed9e7 elementor-widget elementor-widget-text-editor\" data-id=\"7aed9e7\" data-element_type=\"widget\" data-e-type=\"widget\" data-widget_type=\"text-editor.default\">\n\t\t\t\t<div class=\"elementor-widget-container\">\n\t\t\t\t\t\t\t\t\t<p>A medida que el m\u00e9todo Pikler sigue influyendo en la educaci\u00f3n de la primera infancia, tambi\u00e9n es evidente su impacto en las pol\u00edticas y la defensa de los derechos del ni\u00f1o. Los defensores y las organizaciones que trabajan en el campo del bienestar infantil reconocen la importancia de proporcionar entornos de cuidado respetuosos y enriquecedores para todos los ni\u00f1os, independientemente de sus antecedentes socioecon\u00f3micos o situaciones familiares.<\/p><p>El enfoque de Pikler se alinea con el movimiento m\u00e1s amplio hacia el cuidado centrado en el ni\u00f1o y las pr\u00e1cticas apropiadas para el desarrollo. Subraya la importancia de invertir en los primeros a\u00f1os de la vida de un ni\u00f1o, reconoci\u00e9ndolos como un per\u00edodo cr\u00edtico para establecer una base s\u00f3lida para el aprendizaje y el bienestar futuros.<\/p><p>Los gobiernos e instituciones de todo el mundo reconocen cada vez m\u00e1s el valor de la educaci\u00f3n y el cuidado de la primera infancia, y muchos incorporan aspectos del m\u00e9todo Pikler en sus pol\u00edticas y programas. Estos esfuerzos tienen como objetivo promover el acceso equitativo a cuidado infantil de calidad, particularmente para las poblaciones vulnerables y desatendidas.<\/p><p>En entornos educativos, los maestros y cuidadores est\u00e1n siendo capacitados en los principios del enfoque de Pikler, lo que les permite brindar un entorno m\u00e1s enriquecedor y receptivo para los j\u00f3venes estudiantes. Al adoptar la filosof\u00eda de permitir que los ni\u00f1os exploren y aprendan a su propio ritmo, los educadores fomentan un amor por el aprendizaje y la curiosidad de por vida.<\/p><p>Adem\u00e1s, el m\u00e9todo Pikler ha encontrado aplicaciones m\u00e1s all\u00e1 de los centros de cuidado infantil y los hogares. Sus principios se est\u00e1n integrando en entornos de atenci\u00f3n m\u00e9dica pedi\u00e1trica, donde los m\u00e9dicos y enfermeras est\u00e1n adoptando enfoques m\u00e1s emp\u00e1ticos y respetuosos para trabajar con pacientes j\u00f3venes y sus familias.<\/p><p>En la investigaci\u00f3n y la academia, el enfoque de Pikler contin\u00faa siendo un tema de estudio y evaluaci\u00f3n. La investigaci\u00f3n en curso tiene como objetivo profundizar nuestra comprensi\u00f3n de su impacto en el desarrollo de los ni\u00f1os y los resultados a largo plazo, as\u00ed como tambi\u00e9n c\u00f3mo se puede adaptar a diferentes contextos culturales.<\/p><p>A medida que el mundo se vuelve m\u00e1s interconectado, compartir conocimientos y experiencias relacionadas con el m\u00e9todo Pikler se vuelve m\u00e1s f\u00e1cil. Las conferencias internacionales, los talleres y las plataformas en l\u00ednea permiten a los educadores, cuidadores e investigadores de diversos or\u00edgenes colaborar y aprender unos de otros, fomentando una comunidad global comprometida con brindar la mejor atenci\u00f3n a los ni\u00f1os.<\/p><p>El legado de la Dra. Emmi Pikler contin\u00faa inspirando a generaciones de cuidadores, educadores y defensores para priorizar el bienestar y el desarrollo de los ni\u00f1os. Al reconocer y respetar las habilidades y necesidades innatas de los ni\u00f1os peque\u00f1os, el enfoque de Pikler empodera a los cuidadores para crear entornos enriquecedores y de apoyo que contribuyan a construir una sociedad m\u00e1s compasiva y solidaria.<\/p><p>En conclusi\u00f3n, el m\u00e9todo Pikler sigue siendo un faro del cuidado y la educaci\u00f3n centrados en el ni\u00f1o, que aboga por un enfoque hol\u00edstico y emp\u00e1tico para criar y criar a los ni\u00f1os peque\u00f1os. Sus principios siguen influyendo en el campo de la educaci\u00f3n, la formulaci\u00f3n de pol\u00edticas y la investigaci\u00f3n en la primera infancia, dando forma a un futuro en el que todos los ni\u00f1os tienen la oportunidad de prosperar, explorar y aprender en un entorno de apoyo y respeto. A medida que llevamos adelante las ense\u00f1anzas del Dr. Pikler, asumimos la responsabilidad de proporcionar una base s\u00f3lida para la pr\u00f3xima generaci\u00f3n, capacit\u00e1ndolos para que alcancen su m\u00e1ximo potencial y se conviertan en miembros activos y compasivos de la sociedad.<\/p>\t\t\t\t\t\t\t\t<\/div>\n\t\t\t\t<\/div>\n\t\t\t\t<\/div>\n\t\t\t\t\t<\/div>\n\t\t\t\t<\/div>\n\t\t\t\t<\/div>\n\t\t","protected":false},"excerpt":{"rendered":"<p>Entusiastas de Pikler de todo el mundo se reunieron hoy lunes 2 de febrero para una semana de aprendizaje sobre la pedagog\u00eda del cuidado de Emmi Pikler. Muchos de ellos con la esperanza de convertirse en Pikler Pedagog.<\/p>\n","protected":false},"author":1,"featured_media":0,"comment_status":"closed","ping_status":"open","sticky":false,"template":"","format":"standard","meta":{"footnotes":""},"categories":[1],"tags":[],"class_list":["post-12502","post","type-post","status-publish","format-standard","hentry","category-education-workshop"],"yoast_head":"<!-- This site is optimized with the Yoast SEO plugin v27.5 - https:\/\/yoast.com\/product\/yoast-seo-wordpress\/ -->\n<title>Pikler Care Pedagogy: fomentar el desarrollo saludable y el cuidado comprensivo | PS FamilyNYC<\/title>\n<meta name=\"robots\" content=\"index, follow, max-snippet:-1, max-image-preview:large, max-video-preview:-1\" \/>\n<link rel=\"canonical\" href=\"https:\/\/www.psfamilynyc.org\/es\/notas-del-dia-1-de-la-capacitacion-sobre-cuidados-de-pikler-en-budapest\/\" \/>\n<meta property=\"og:locale\" content=\"es_ES\" \/>\n<meta property=\"og:type\" content=\"article\" \/>\n<meta property=\"og:title\" content=\"Pikler Care Pedagogy: fomentar el desarrollo saludable y el cuidado comprensivo | PS FamilyNYC\" \/>\n<meta property=\"og:description\" content=\"Entusiastas de Pikler de todo el mundo se reunieron hoy lunes 2 de febrero para una semana de aprendizaje sobre la pedagog\u00eda del cuidado de Emmi Pikler. Muchos de ellos con la esperanza de convertirse en Pikler Pedagog.\" \/>\n<meta property=\"og:url\" content=\"https:\/\/www.psfamilynyc.org\/es\/notas-del-dia-1-de-la-capacitacion-sobre-cuidados-de-pikler-en-budapest\/\" \/>\n<meta property=\"og:site_name\" content=\"PS FamilyNYC\" \/>\n<meta property=\"article:publisher\" content=\"https:\/\/www.facebook.com\/PSfamilyNYC\" \/>\n<meta property=\"article:published_time\" content=\"2023-08-07T18:21:26+00:00\" \/>\n<meta property=\"article:modified_time\" content=\"2023-09-05T14:38:46+00:00\" \/>\n<meta property=\"og:image\" content=\"https:\/\/www.psfamilynyc.org\/wp-content\/uploads\/2023\/01\/ps_family_web_logos-03.png\" \/>\n\t<meta property=\"og:image:width\" content=\"513\" \/>\n\t<meta property=\"og:image:height\" content=\"513\" \/>\n\t<meta property=\"og:image:type\" content=\"image\/png\" \/>\n<meta name=\"author\" content=\"Program Support\" \/>\n<meta name=\"twitter:card\" content=\"summary_large_image\" \/>\n<meta name=\"twitter:creator\" content=\"@PSfamilyNYC\" \/>\n<meta name=\"twitter:site\" content=\"@PSfamilyNYC\" \/>\n<meta name=\"twitter:label1\" content=\"Escrito por\" \/>\n\t<meta name=\"twitter:data1\" content=\"Program Support\" \/>\n\t<meta name=\"twitter:label2\" content=\"Tiempo de lectura\" \/>\n\t<meta name=\"twitter:data2\" content=\"9 minutos\" \/>\n<script type=\"application\/ld+json\" class=\"yoast-schema-graph\">{\"@context\":\"https:\\\/\\\/schema.org\",\"@graph\":[{\"@type\":\"Article\",\"@id\":\"https:\\\/\\\/www.psfamilynyc.org\\\/es\\\/notas-del-dia-1-de-la-capacitacion-sobre-cuidados-de-pikler-en-budapest\\\/#article\",\"isPartOf\":{\"@id\":\"https:\\\/\\\/www.psfamilynyc.org\\\/es\\\/notas-del-dia-1-de-la-capacitacion-sobre-cuidados-de-pikler-en-budapest\\\/\"},\"author\":{\"name\":\"Program Support\",\"@id\":\"https:\\\/\\\/www.psfamilynyc.org\\\/es\\\/#\\\/schema\\\/person\\\/695de94fe649f6bc48d93fa2b91dde7e\"},\"headline\":\"Pikler Care Pedagogy: fomentar el desarrollo saludable y el cuidado comprensivo\",\"datePublished\":\"2023-08-07T18:21:26+00:00\",\"dateModified\":\"2023-09-05T14:38:46+00:00\",\"mainEntityOfPage\":{\"@id\":\"https:\\\/\\\/www.psfamilynyc.org\\\/es\\\/notas-del-dia-1-de-la-capacitacion-sobre-cuidados-de-pikler-en-budapest\\\/\"},\"wordCount\":2221,\"publisher\":{\"@id\":\"https:\\\/\\\/www.psfamilynyc.org\\\/es\\\/#organization\"},\"articleSection\":[\"Education Workshop\"],\"inLanguage\":\"es\"},{\"@type\":\"WebPage\",\"@id\":\"https:\\\/\\\/www.psfamilynyc.org\\\/es\\\/notas-del-dia-1-de-la-capacitacion-sobre-cuidados-de-pikler-en-budapest\\\/\",\"url\":\"https:\\\/\\\/www.psfamilynyc.org\\\/es\\\/notas-del-dia-1-de-la-capacitacion-sobre-cuidados-de-pikler-en-budapest\\\/\",\"name\":\"Pikler Care Pedagogy: fomentar el desarrollo saludable y el cuidado comprensivo | PS FamilyNYC\",\"isPartOf\":{\"@id\":\"https:\\\/\\\/www.psfamilynyc.org\\\/es\\\/#website\"},\"datePublished\":\"2023-08-07T18:21:26+00:00\",\"dateModified\":\"2023-09-05T14:38:46+00:00\",\"breadcrumb\":{\"@id\":\"https:\\\/\\\/www.psfamilynyc.org\\\/es\\\/notas-del-dia-1-de-la-capacitacion-sobre-cuidados-de-pikler-en-budapest\\\/#breadcrumb\"},\"inLanguage\":\"es\",\"potentialAction\":[{\"@type\":\"ReadAction\",\"target\":[\"https:\\\/\\\/www.psfamilynyc.org\\\/es\\\/notas-del-dia-1-de-la-capacitacion-sobre-cuidados-de-pikler-en-budapest\\\/\"]}]},{\"@type\":\"BreadcrumbList\",\"@id\":\"https:\\\/\\\/www.psfamilynyc.org\\\/es\\\/notas-del-dia-1-de-la-capacitacion-sobre-cuidados-de-pikler-en-budapest\\\/#breadcrumb\",\"itemListElement\":[{\"@type\":\"ListItem\",\"position\":1,\"name\":\"Home\",\"item\":\"https:\\\/\\\/www.psfamilynyc.org\\\/es\\\/inicio\\\/\"},{\"@type\":\"ListItem\",\"position\":2,\"name\":\"Pikler Care Pedagogy: fomentar el desarrollo saludable y el cuidado comprensivo\"}]},{\"@type\":\"WebSite\",\"@id\":\"https:\\\/\\\/www.psfamilynyc.org\\\/es\\\/#website\",\"url\":\"https:\\\/\\\/www.psfamilynyc.org\\\/es\\\/\",\"name\":\"PS FamilyNYC\",\"description\":\"Una red de atenci\u00f3n infantil familiar dedicada a facilitar el acceso a la atenci\u00f3n infantil a domicilio.\",\"publisher\":{\"@id\":\"https:\\\/\\\/www.psfamilynyc.org\\\/es\\\/#organization\"},\"alternateName\":\"Program Support FCCN\",\"potentialAction\":[{\"@type\":\"SearchAction\",\"target\":{\"@type\":\"EntryPoint\",\"urlTemplate\":\"https:\\\/\\\/www.psfamilynyc.org\\\/es\\\/?s={search_term_string}\"},\"query-input\":{\"@type\":\"PropertyValueSpecification\",\"valueRequired\":true,\"valueName\":\"search_term_string\"}}],\"inLanguage\":\"es\"},{\"@type\":\"Organization\",\"@id\":\"https:\\\/\\\/www.psfamilynyc.org\\\/es\\\/#organization\",\"name\":\"Program Support FCCN\",\"alternateName\":\"PS Family NYC\",\"url\":\"https:\\\/\\\/www.psfamilynyc.org\\\/es\\\/\",\"logo\":{\"@type\":\"ImageObject\",\"inLanguage\":\"es\",\"@id\":\"https:\\\/\\\/www.psfamilynyc.org\\\/es\\\/#\\\/schema\\\/logo\\\/image\\\/\",\"url\":\"https:\\\/\\\/www.psfamilynyc.org\\\/wp-content\\\/uploads\\\/2023\\\/01\\\/cropped-ps_family_web_logos-03.png\",\"contentUrl\":\"https:\\\/\\\/www.psfamilynyc.org\\\/wp-content\\\/uploads\\\/2023\\\/01\\\/cropped-ps_family_web_logos-03.png\",\"width\":512,\"height\":512,\"caption\":\"Program Support FCCN\"},\"image\":{\"@id\":\"https:\\\/\\\/www.psfamilynyc.org\\\/es\\\/#\\\/schema\\\/logo\\\/image\\\/\"},\"sameAs\":[\"https:\\\/\\\/www.facebook.com\\\/PSfamilyNYC\",\"https:\\\/\\\/x.com\\\/PSfamilyNYC\"]},{\"@type\":\"Person\",\"@id\":\"https:\\\/\\\/www.psfamilynyc.org\\\/es\\\/#\\\/schema\\\/person\\\/695de94fe649f6bc48d93fa2b91dde7e\",\"name\":\"Program Support\",\"image\":{\"@type\":\"ImageObject\",\"inLanguage\":\"es\",\"@id\":\"https:\\\/\\\/secure.gravatar.com\\\/avatar\\\/bdb43e08567d5b1f6499a54a9a493e80a4b1026156ebc70f123edc20943e1c74?s=96&d=monsterid&r=g\",\"url\":\"https:\\\/\\\/secure.gravatar.com\\\/avatar\\\/bdb43e08567d5b1f6499a54a9a493e80a4b1026156ebc70f123edc20943e1c74?s=96&d=monsterid&r=g\",\"contentUrl\":\"https:\\\/\\\/secure.gravatar.com\\\/avatar\\\/bdb43e08567d5b1f6499a54a9a493e80a4b1026156ebc70f123edc20943e1c74?s=96&d=monsterid&r=g\",\"caption\":\"Program Support\"},\"sameAs\":[\"https:\\\/\\\/www.psfamilynyc.org\"],\"url\":\"https:\\\/\\\/www.psfamilynyc.org\\\/es\\\/author\\\/ps_family_nyc\\\/\"}]}<\/script>\n<!-- \/ Yoast SEO plugin. -->","yoast_head_json":{"title":"Pikler Care Pedagogy: fomentar el desarrollo saludable y el cuidado comprensivo | PS FamilyNYC","robots":{"index":"index","follow":"follow","max-snippet":"max-snippet:-1","max-image-preview":"max-image-preview:large","max-video-preview":"max-video-preview:-1"},"canonical":"https:\/\/www.psfamilynyc.org\/es\/notas-del-dia-1-de-la-capacitacion-sobre-cuidados-de-pikler-en-budapest\/","og_locale":"es_ES","og_type":"article","og_title":"Pikler Care Pedagogy: fomentar el desarrollo saludable y el cuidado comprensivo | PS FamilyNYC","og_description":"Entusiastas de Pikler de todo el mundo se reunieron hoy lunes 2 de febrero para una semana de aprendizaje sobre la pedagog\u00eda del cuidado de Emmi Pikler. Muchos de ellos con la esperanza de convertirse en Pikler Pedagog.","og_url":"https:\/\/www.psfamilynyc.org\/es\/notas-del-dia-1-de-la-capacitacion-sobre-cuidados-de-pikler-en-budapest\/","og_site_name":"PS FamilyNYC","article_publisher":"https:\/\/www.facebook.com\/PSfamilyNYC","article_published_time":"2023-08-07T18:21:26+00:00","article_modified_time":"2023-09-05T14:38:46+00:00","og_image":[{"width":513,"height":513,"url":"https:\/\/www.psfamilynyc.org\/wp-content\/uploads\/2023\/01\/ps_family_web_logos-03.png","type":"image\/png"}],"author":"Program Support","twitter_card":"summary_large_image","twitter_creator":"@PSfamilyNYC","twitter_site":"@PSfamilyNYC","twitter_misc":{"Escrito por":"Program Support","Tiempo de lectura":"9 minutos"},"schema":{"@context":"https:\/\/schema.org","@graph":[{"@type":"Article","@id":"https:\/\/www.psfamilynyc.org\/es\/notas-del-dia-1-de-la-capacitacion-sobre-cuidados-de-pikler-en-budapest\/#article","isPartOf":{"@id":"https:\/\/www.psfamilynyc.org\/es\/notas-del-dia-1-de-la-capacitacion-sobre-cuidados-de-pikler-en-budapest\/"},"author":{"name":"Program Support","@id":"https:\/\/www.psfamilynyc.org\/es\/#\/schema\/person\/695de94fe649f6bc48d93fa2b91dde7e"},"headline":"Pikler Care Pedagogy: fomentar el desarrollo saludable y el cuidado comprensivo","datePublished":"2023-08-07T18:21:26+00:00","dateModified":"2023-09-05T14:38:46+00:00","mainEntityOfPage":{"@id":"https:\/\/www.psfamilynyc.org\/es\/notas-del-dia-1-de-la-capacitacion-sobre-cuidados-de-pikler-en-budapest\/"},"wordCount":2221,"publisher":{"@id":"https:\/\/www.psfamilynyc.org\/es\/#organization"},"articleSection":["Education Workshop"],"inLanguage":"es"},{"@type":"WebPage","@id":"https:\/\/www.psfamilynyc.org\/es\/notas-del-dia-1-de-la-capacitacion-sobre-cuidados-de-pikler-en-budapest\/","url":"https:\/\/www.psfamilynyc.org\/es\/notas-del-dia-1-de-la-capacitacion-sobre-cuidados-de-pikler-en-budapest\/","name":"Pikler Care Pedagogy: fomentar el desarrollo saludable y el cuidado comprensivo | PS FamilyNYC","isPartOf":{"@id":"https:\/\/www.psfamilynyc.org\/es\/#website"},"datePublished":"2023-08-07T18:21:26+00:00","dateModified":"2023-09-05T14:38:46+00:00","breadcrumb":{"@id":"https:\/\/www.psfamilynyc.org\/es\/notas-del-dia-1-de-la-capacitacion-sobre-cuidados-de-pikler-en-budapest\/#breadcrumb"},"inLanguage":"es","potentialAction":[{"@type":"ReadAction","target":["https:\/\/www.psfamilynyc.org\/es\/notas-del-dia-1-de-la-capacitacion-sobre-cuidados-de-pikler-en-budapest\/"]}]},{"@type":"BreadcrumbList","@id":"https:\/\/www.psfamilynyc.org\/es\/notas-del-dia-1-de-la-capacitacion-sobre-cuidados-de-pikler-en-budapest\/#breadcrumb","itemListElement":[{"@type":"ListItem","position":1,"name":"Home","item":"https:\/\/www.psfamilynyc.org\/es\/inicio\/"},{"@type":"ListItem","position":2,"name":"Pikler Care Pedagogy: fomentar el desarrollo saludable y el cuidado comprensivo"}]},{"@type":"WebSite","@id":"https:\/\/www.psfamilynyc.org\/es\/#website","url":"https:\/\/www.psfamilynyc.org\/es\/","name":"PS FamilyNYC","description":"Una red de atenci\u00f3n infantil familiar dedicada a facilitar el acceso a la atenci\u00f3n infantil a domicilio.","publisher":{"@id":"https:\/\/www.psfamilynyc.org\/es\/#organization"},"alternateName":"Program Support FCCN","potentialAction":[{"@type":"SearchAction","target":{"@type":"EntryPoint","urlTemplate":"https:\/\/www.psfamilynyc.org\/es\/?s={search_term_string}"},"query-input":{"@type":"PropertyValueSpecification","valueRequired":true,"valueName":"search_term_string"}}],"inLanguage":"es"},{"@type":"Organization","@id":"https:\/\/www.psfamilynyc.org\/es\/#organization","name":"Program Support FCCN","alternateName":"PS Family NYC","url":"https:\/\/www.psfamilynyc.org\/es\/","logo":{"@type":"ImageObject","inLanguage":"es","@id":"https:\/\/www.psfamilynyc.org\/es\/#\/schema\/logo\/image\/","url":"https:\/\/www.psfamilynyc.org\/wp-content\/uploads\/2023\/01\/cropped-ps_family_web_logos-03.png","contentUrl":"https:\/\/www.psfamilynyc.org\/wp-content\/uploads\/2023\/01\/cropped-ps_family_web_logos-03.png","width":512,"height":512,"caption":"Program Support FCCN"},"image":{"@id":"https:\/\/www.psfamilynyc.org\/es\/#\/schema\/logo\/image\/"},"sameAs":["https:\/\/www.facebook.com\/PSfamilyNYC","https:\/\/x.com\/PSfamilyNYC"]},{"@type":"Person","@id":"https:\/\/www.psfamilynyc.org\/es\/#\/schema\/person\/695de94fe649f6bc48d93fa2b91dde7e","name":"Program Support","image":{"@type":"ImageObject","inLanguage":"es","@id":"https:\/\/secure.gravatar.com\/avatar\/bdb43e08567d5b1f6499a54a9a493e80a4b1026156ebc70f123edc20943e1c74?s=96&d=monsterid&r=g","url":"https:\/\/secure.gravatar.com\/avatar\/bdb43e08567d5b1f6499a54a9a493e80a4b1026156ebc70f123edc20943e1c74?s=96&d=monsterid&r=g","contentUrl":"https:\/\/secure.gravatar.com\/avatar\/bdb43e08567d5b1f6499a54a9a493e80a4b1026156ebc70f123edc20943e1c74?s=96&d=monsterid&r=g","caption":"Program Support"},"sameAs":["https:\/\/www.psfamilynyc.org"],"url":"https:\/\/www.psfamilynyc.org\/es\/author\/ps_family_nyc\/"}]}},"_links":{"self":[{"href":"https:\/\/www.psfamilynyc.org\/es\/wp-json\/wp\/v2\/posts\/12502","targetHints":{"allow":["GET"]}}],"collection":[{"href":"https:\/\/www.psfamilynyc.org\/es\/wp-json\/wp\/v2\/posts"}],"about":[{"href":"https:\/\/www.psfamilynyc.org\/es\/wp-json\/wp\/v2\/types\/post"}],"author":[{"embeddable":true,"href":"https:\/\/www.psfamilynyc.org\/es\/wp-json\/wp\/v2\/users\/1"}],"replies":[{"embeddable":true,"href":"https:\/\/www.psfamilynyc.org\/es\/wp-json\/wp\/v2\/comments?post=12502"}],"version-history":[{"count":0,"href":"https:\/\/www.psfamilynyc.org\/es\/wp-json\/wp\/v2\/posts\/12502\/revisions"}],"wp:attachment":[{"href":"https:\/\/www.psfamilynyc.org\/es\/wp-json\/wp\/v2\/media?parent=12502"}],"wp:term":[{"taxonomy":"category","embeddable":true,"href":"https:\/\/www.psfamilynyc.org\/es\/wp-json\/wp\/v2\/categories?post=12502"},{"taxonomy":"post_tag","embeddable":true,"href":"https:\/\/www.psfamilynyc.org\/es\/wp-json\/wp\/v2\/tags?post=12502"}],"curies":[{"name":"wp","href":"https:\/\/api.w.org\/{rel}","templated":true}]}}