{"id":15749,"date":"2023-09-13T13:22:17","date_gmt":"2023-09-13T17:22:17","guid":{"rendered":"https:\/\/www.psfamilynyc.org\/?p=15749"},"modified":"2023-09-13T14:12:29","modified_gmt":"2023-09-13T18:12:29","slug":"ps-family-realiza-la-5ta-jornada-de-aprendizaje-profesional-excelente","status":"publish","type":"post","link":"https:\/\/www.psfamilynyc.org\/es\/ps-family-realiza-la-5ta-jornada-de-aprendizaje-profesional-excelente\/","title":{"rendered":"PS Family realiza la 5ta Jornada de Aprendizaje Profesional &#8216;Excelente&#8217;"},"content":{"rendered":"\t\t<div data-elementor-type=\"wp-post\" data-elementor-id=\"15749\" class=\"elementor elementor-15749 elementor-15748\" data-elementor-post-type=\"post\">\n\t\t\t\t<div class=\"elementor-element elementor-element-1d9f6ac e-flex e-con-boxed e-con e-parent\" data-id=\"1d9f6ac\" data-element_type=\"container\" data-e-type=\"container\">\n\t\t\t\t\t<div class=\"e-con-inner\">\n\t\t<div class=\"elementor-element elementor-element-4c25a83 e-con-full e-flex e-con e-child\" data-id=\"4c25a83\" data-element_type=\"container\" data-e-type=\"container\">\n\t\t\t\t<div class=\"elementor-element elementor-element-509b6bc elementor-blockquote--align-left elementor-blockquote--skin-border elementor-widget elementor-widget-blockquote\" data-id=\"509b6bc\" data-element_type=\"widget\" data-e-type=\"widget\" data-widget_type=\"blockquote.default\">\n\t\t\t\t<div class=\"elementor-widget-container\">\n\t\t\t\t\t\t\t<blockquote class=\"elementor-blockquote\">\n\t\t\t<p class=\"elementor-blockquote__content\">\n\t\t\t\tEn PS FamilyNYC, estamos comprometidos a fomentar el crecimiento y el desarrollo de los proveedores de cuidado infantil, reconociendo su papel vital en la configuraci\u00f3n del futuro de nuestros ni\u00f1os. Los d\u00edas 5 y 6 de septiembre, organizamos con orgullo nuestro quinto D\u00eda de Aprendizaje Profesional \"Excelente\" para proveedores de cuidado infantil familiar, y fue un evento lleno de inspiraci\u00f3n, educaci\u00f3n y colaboraci\u00f3n.\t\t\t<\/p>\n\t\t\t\t\t<\/blockquote>\n\t\t\t\t\t\t<\/div>\n\t\t\t\t<\/div>\n\t\t\t\t<div class=\"elementor-element elementor-element-fa8c392 elementor-widget elementor-widget-text-editor\" data-id=\"fa8c392\" data-element_type=\"widget\" data-e-type=\"widget\" data-widget_type=\"text-editor.default\">\n\t\t\t\t<div class=\"elementor-widget-container\">\n\t\t\t\t\t\t\t\t\t<p class=\"sqsrte-large\">El coraz\u00f3n de cualquier comunidad reside en sus miembros dedicados, y tuvimos el privilegio de recibir a 80 apasionados proveedores de cuidado infantil familiar de diversos or\u00edgenes. Estos proveedores se unieron con un prop\u00f3sito com\u00fan: dotarse del conocimiento y las habilidades necesarias para sobresalir en sus funciones y brindar una atenci\u00f3n excepcional a los ni\u00f1os a los que atienden.<\/p>\n\t\t\t\t\t\t\t\t<\/div>\n\t\t\t\t<\/div>\n\t\t\t\t<div class=\"elementor-element elementor-element-6246891 elementor-widget elementor-widget-ct_image\" data-id=\"6246891\" data-element_type=\"widget\" data-e-type=\"widget\" data-widget_type=\"ct_image.default\">\n\t\t\t\t<div class=\"elementor-widget-container\">\n\t\t\t\t\t<div class=\"ct-image-single img-type-img ct-no-effect  \" data-wow-delay=\"ms\">\r\n                        <img fetchpriority=\"high\" decoding=\"async\" width=\"2500\" height=\"1667\" src=\"https:\/\/www.psfamilynyc.org\/wp-content\/uploads\/2023\/09\/zaya-odeesho-juno1.jpg\" class=\"attachment-full\" alt=\"\" \/>            <\/div>\t\t\t\t<\/div>\n\t\t\t\t<\/div>\n\t\t\t\t<div class=\"elementor-element elementor-element-31ef40b elementor-widget elementor-widget-ct_title\" data-id=\"31ef40b\" data-element_type=\"widget\" data-e-type=\"widget\" data-widget_type=\"ct_title.default\">\n\t\t\t\t<div class=\"elementor-widget-container\">\n\t\t\t\t\t<div class=\"ct-title1 style4\">\r\n    <h3>\r\n    \t\t        <span>What to Expect at the Conference:<\/span>\r\n\t        <i><\/i>\r\n\t        <\/h3>\r\n<\/div>\t\t\t\t<\/div>\n\t\t\t\t<\/div>\n\t\t\t\t<div class=\"elementor-element elementor-element-6381035 elementor-widget elementor-widget-text-editor\" data-id=\"6381035\" data-element_type=\"widget\" data-e-type=\"widget\" data-widget_type=\"text-editor.default\">\n\t\t\t\t<div class=\"elementor-widget-container\">\n\t\t\t\t\t\t\t\t\t<p>El n\u00facleo de nuestro evento fue una serie de talleres meticulosamente dise\u00f1ados para abordar los desaf\u00edos y necesidades \u00fanicos de los proveedores de cuidado infantil familiar. Estas son las ideas clave de estos talleres:<\/p>\n<ol>\n<li>\n<p><strong>C\u00f3mo promocionar su negocio de guarder\u00eda:<\/strong> los proveedores descubrieron el arte de crear una fuerte presencia de marca y comercializar eficazmente sus servicios de guarder\u00eda. En un entorno competitivo, estas habilidades son esenciales para atraer a m\u00e1s familias y ampliar el alcance.<\/p>\n<\/li>\n<li>\n<p><strong>Refuerzo positivo en entornos de la primera infancia:<\/strong> Dominar las t\u00e9cnicas de refuerzo positivo es fundamental para fomentar el aprendizaje, el crecimiento y el bienestar emocional de los ni\u00f1os. Este taller ofreci\u00f3 estrategias valiosas para crear un entorno enriquecedor y centrado en el crecimiento.<\/p>\n<\/li>\n<li>\n<p><strong>C\u00f3mo hacer que su negocio sea rentable:<\/strong> administrar los aspectos financieros de un negocio de guarder\u00eda puede ser un desaf\u00edo. En este taller, los proveedores aprendieron estrategias comprobadas para optimizar las operaciones y garantizar la rentabilidad a largo plazo, asegurando el \u00e9xito de sus negocios.<\/p>\n<\/li>\n<li>\n<p><strong>Abstenerse de la restricci\u00f3n:<\/strong> el uso de dispositivos restrictivos: El uso de dispositivos restrictivos en el cuidado infantil es un tema cr\u00edtico. Este taller explor\u00f3 enfoques alternativos para promover el cuidado infantil seguro y respetuoso, priorizando el bienestar de los ni\u00f1os bajo su cuidado.<\/p>\n<\/li>\n<\/ol>\n\t\t\t\t\t\t\t\t<\/div>\n\t\t\t\t<\/div>\n\t\t\t\t<div class=\"elementor-element elementor-element-027ece5 elementor-widget elementor-widget-text-editor\" data-id=\"027ece5\" data-element_type=\"widget\" data-e-type=\"widget\" data-widget_type=\"text-editor.default\">\n\t\t\t\t<div class=\"elementor-widget-container\">\n\t\t\t\t\t\t\t\t\t<p>Un momento destacado del evento fue la oportunidad para que los proveedores afiliados compartieran sus historias y experiencias personales. Valoramos profundamente su profesionalismo y su compromiso inquebrantable con el crecimiento y aprendizaje continuo como proveedores de cuidado infantil familiar. Estas historias sirvieron como una poderosa fuente de inspiraci\u00f3n, mostrando el potencial transformador de la dedicaci\u00f3n y la educaci\u00f3n continua en el campo del cuidado infantil.<\/p>\n<p>La 5\u00aa Jornada de Aprendizaje Profesional &#8216;Excelente&#8217; fue un \u00e9xito rotundo, gracias al entusiasmo y dedicaci\u00f3n de nuestros proveedores. Estamos encantados de anunciar que organizaremos el pr\u00f3ximo D\u00eda de aprendizaje profesional &#8216;excelente&#8217; de PS Family en [Insert Date]. Esta es su oportunidad de mejorar a\u00fan m\u00e1s sus habilidades, conectarse con otros proveedores de cuidado infantil y continuar su viaje hacia la excelencia en el cuidado infantil.<\/p>\n\t\t\t\t\t\t\t\t<\/div>\n\t\t\t\t<\/div>\n\t\t\t\t<\/div>\n\t\t\t\t\t<\/div>\n\t\t\t\t<\/div>\n\t\t\t\t<\/div>\n\t\t","protected":false},"excerpt":{"rendered":"<p>En PS FamilyNYC, aceptamos de todo coraz\u00f3n el papel vital que desempe\u00f1an los proveedores de cuidado infantil en la configuraci\u00f3n del futuro de nuestros ni\u00f1os. Nuestro reciente quinto D\u00eda de Aprendizaje Profesional &#8220;Excelente&#8221;, celebrado los d\u00edas 5 y 6 de septiembre, fue un testimonio de nuestro compromiso de fomentar su crecimiento y desarrollo.<\/p>\n","protected":false},"author":1,"featured_media":19440,"comment_status":"closed","ping_status":"open","sticky":false,"template":"","format":"standard","meta":{"footnotes":""},"categories":[233],"tags":[],"class_list":["post-15749","post","type-post","status-publish","format-standard","has-post-thumbnail","hentry","category-sin-categorizar"],"yoast_head":"<!-- This site is optimized with the Yoast SEO plugin v27.5 - https:\/\/yoast.com\/product\/yoast-seo-wordpress\/ -->\n<title>PS Family realiza la 5ta Jornada de Aprendizaje Profesional &#039;Excelente&#039; | PS FamilyNYC<\/title>\n<meta name=\"description\" content=\"PS FamilyNYC celebra el quinto D\u00eda de Aprendizaje Profesional &quot;Excelente&quot; para proveedores de cuidado infantil familiar. Explore informaci\u00f3n clave sobre c\u00f3mo promover su negocio de guarder\u00eda, refuerzo positivo, rentabilidad y pr\u00e1cticas seguras de cuidado infantil.\" \/>\n<meta name=\"robots\" content=\"index, follow, max-snippet:-1, max-image-preview:large, max-video-preview:-1\" \/>\n<link rel=\"canonical\" href=\"https:\/\/www.psfamilynyc.org\/es\/ps-family-realiza-la-5ta-jornada-de-aprendizaje-profesional-excelente\/\" \/>\n<meta property=\"og:locale\" content=\"es_ES\" \/>\n<meta property=\"og:type\" content=\"article\" \/>\n<meta property=\"og:title\" content=\"PS Family realiza la 5ta Jornada de Aprendizaje Profesional &#039;Excelente&#039; | PS FamilyNYC\" \/>\n<meta property=\"og:description\" content=\"PS FamilyNYC celebra el quinto D\u00eda de Aprendizaje Profesional &quot;Excelente&quot; para proveedores de cuidado infantil familiar. Explore informaci\u00f3n clave sobre c\u00f3mo promover su negocio de guarder\u00eda, refuerzo positivo, rentabilidad y pr\u00e1cticas seguras de cuidado infantil.\" \/>\n<meta property=\"og:url\" content=\"https:\/\/www.psfamilynyc.org\/es\/ps-family-realiza-la-5ta-jornada-de-aprendizaje-profesional-excelente\/\" \/>\n<meta property=\"og:site_name\" content=\"PS FamilyNYC\" \/>\n<meta property=\"article:publisher\" content=\"https:\/\/www.facebook.com\/PSfamilyNYC\" \/>\n<meta property=\"article:published_time\" content=\"2023-09-13T17:22:17+00:00\" \/>\n<meta property=\"article:modified_time\" content=\"2023-09-13T18:12:29+00:00\" \/>\n<meta property=\"og:image\" content=\"https:\/\/www.psfamilynyc.org\/wp-content\/uploads\/2023\/09\/zaya-odeesho-juno1.jpg\" \/>\n\t<meta property=\"og:image:width\" content=\"2500\" \/>\n\t<meta property=\"og:image:height\" content=\"1667\" \/>\n\t<meta property=\"og:image:type\" content=\"image\/jpeg\" \/>\n<meta name=\"author\" content=\"Program Support\" \/>\n<meta name=\"twitter:card\" content=\"summary_large_image\" \/>\n<meta name=\"twitter:creator\" content=\"@PSfamilyNYC\" \/>\n<meta name=\"twitter:site\" content=\"@PSfamilyNYC\" \/>\n<meta name=\"twitter:label1\" content=\"Escrito por\" \/>\n\t<meta name=\"twitter:data1\" content=\"Program Support\" \/>\n\t<meta name=\"twitter:label2\" content=\"Tiempo de lectura\" \/>\n\t<meta name=\"twitter:data2\" content=\"3 minutos\" \/>\n<script type=\"application\/ld+json\" class=\"yoast-schema-graph\">{\"@context\":\"https:\\\/\\\/schema.org\",\"@graph\":[{\"@type\":\"Article\",\"@id\":\"https:\\\/\\\/www.psfamilynyc.org\\\/es\\\/ps-family-realiza-la-5ta-jornada-de-aprendizaje-profesional-excelente\\\/#article\",\"isPartOf\":{\"@id\":\"https:\\\/\\\/www.psfamilynyc.org\\\/es\\\/ps-family-realiza-la-5ta-jornada-de-aprendizaje-profesional-excelente\\\/\"},\"author\":{\"name\":\"Program Support\",\"@id\":\"https:\\\/\\\/www.psfamilynyc.org\\\/es\\\/#\\\/schema\\\/person\\\/695de94fe649f6bc48d93fa2b91dde7e\"},\"headline\":\"PS Family realiza la 5ta Jornada de Aprendizaje Profesional &#8216;Excelente&#8217;\",\"datePublished\":\"2023-09-13T17:22:17+00:00\",\"dateModified\":\"2023-09-13T18:12:29+00:00\",\"mainEntityOfPage\":{\"@id\":\"https:\\\/\\\/www.psfamilynyc.org\\\/es\\\/ps-family-realiza-la-5ta-jornada-de-aprendizaje-profesional-excelente\\\/\"},\"wordCount\":510,\"publisher\":{\"@id\":\"https:\\\/\\\/www.psfamilynyc.org\\\/es\\\/#organization\"},\"image\":{\"@id\":\"https:\\\/\\\/www.psfamilynyc.org\\\/es\\\/ps-family-realiza-la-5ta-jornada-de-aprendizaje-profesional-excelente\\\/#primaryimage\"},\"thumbnailUrl\":\"https:\\\/\\\/www.psfamilynyc.org\\\/wp-content\\\/uploads\\\/2023\\\/09\\\/psf_team_pikler_uk.jpg\",\"articleSection\":[\"Sin categorizar\"],\"inLanguage\":\"es\"},{\"@type\":\"WebPage\",\"@id\":\"https:\\\/\\\/www.psfamilynyc.org\\\/es\\\/ps-family-realiza-la-5ta-jornada-de-aprendizaje-profesional-excelente\\\/\",\"url\":\"https:\\\/\\\/www.psfamilynyc.org\\\/es\\\/ps-family-realiza-la-5ta-jornada-de-aprendizaje-profesional-excelente\\\/\",\"name\":\"PS Family realiza la 5ta Jornada de Aprendizaje Profesional 'Excelente' | PS FamilyNYC\",\"isPartOf\":{\"@id\":\"https:\\\/\\\/www.psfamilynyc.org\\\/es\\\/#website\"},\"primaryImageOfPage\":{\"@id\":\"https:\\\/\\\/www.psfamilynyc.org\\\/es\\\/ps-family-realiza-la-5ta-jornada-de-aprendizaje-profesional-excelente\\\/#primaryimage\"},\"image\":{\"@id\":\"https:\\\/\\\/www.psfamilynyc.org\\\/es\\\/ps-family-realiza-la-5ta-jornada-de-aprendizaje-profesional-excelente\\\/#primaryimage\"},\"thumbnailUrl\":\"https:\\\/\\\/www.psfamilynyc.org\\\/wp-content\\\/uploads\\\/2023\\\/09\\\/psf_team_pikler_uk.jpg\",\"datePublished\":\"2023-09-13T17:22:17+00:00\",\"dateModified\":\"2023-09-13T18:12:29+00:00\",\"description\":\"PS FamilyNYC celebra el quinto D\u00eda de Aprendizaje Profesional \\\"Excelente\\\" para proveedores de cuidado infantil familiar. Explore informaci\u00f3n clave sobre c\u00f3mo promover su negocio de guarder\u00eda, refuerzo positivo, rentabilidad y pr\u00e1cticas seguras de cuidado infantil.\",\"breadcrumb\":{\"@id\":\"https:\\\/\\\/www.psfamilynyc.org\\\/es\\\/ps-family-realiza-la-5ta-jornada-de-aprendizaje-profesional-excelente\\\/#breadcrumb\"},\"inLanguage\":\"es\",\"potentialAction\":[{\"@type\":\"ReadAction\",\"target\":[\"https:\\\/\\\/www.psfamilynyc.org\\\/es\\\/ps-family-realiza-la-5ta-jornada-de-aprendizaje-profesional-excelente\\\/\"]}]},{\"@type\":\"ImageObject\",\"inLanguage\":\"es\",\"@id\":\"https:\\\/\\\/www.psfamilynyc.org\\\/es\\\/ps-family-realiza-la-5ta-jornada-de-aprendizaje-profesional-excelente\\\/#primaryimage\",\"url\":\"https:\\\/\\\/www.psfamilynyc.org\\\/wp-content\\\/uploads\\\/2023\\\/09\\\/psf_team_pikler_uk.jpg\",\"contentUrl\":\"https:\\\/\\\/www.psfamilynyc.org\\\/wp-content\\\/uploads\\\/2023\\\/09\\\/psf_team_pikler_uk.jpg\",\"width\":2560,\"height\":1683,\"caption\":\"PS Family Team at the Pikler Uk training and conference on respectful care for young children.\"},{\"@type\":\"BreadcrumbList\",\"@id\":\"https:\\\/\\\/www.psfamilynyc.org\\\/es\\\/ps-family-realiza-la-5ta-jornada-de-aprendizaje-profesional-excelente\\\/#breadcrumb\",\"itemListElement\":[{\"@type\":\"ListItem\",\"position\":1,\"name\":\"Home\",\"item\":\"https:\\\/\\\/www.psfamilynyc.org\\\/es\\\/inicio\\\/\"},{\"@type\":\"ListItem\",\"position\":2,\"name\":\"PS Family realiza la 5ta Jornada de Aprendizaje Profesional &#8216;Excelente&#8217;\"}]},{\"@type\":\"WebSite\",\"@id\":\"https:\\\/\\\/www.psfamilynyc.org\\\/es\\\/#website\",\"url\":\"https:\\\/\\\/www.psfamilynyc.org\\\/es\\\/\",\"name\":\"PS FamilyNYC\",\"description\":\"Una red de atenci\u00f3n infantil familiar dedicada a facilitar el acceso a la atenci\u00f3n infantil a domicilio.\",\"publisher\":{\"@id\":\"https:\\\/\\\/www.psfamilynyc.org\\\/es\\\/#organization\"},\"alternateName\":\"Program Support FCCN\",\"potentialAction\":[{\"@type\":\"SearchAction\",\"target\":{\"@type\":\"EntryPoint\",\"urlTemplate\":\"https:\\\/\\\/www.psfamilynyc.org\\\/es\\\/?s={search_term_string}\"},\"query-input\":{\"@type\":\"PropertyValueSpecification\",\"valueRequired\":true,\"valueName\":\"search_term_string\"}}],\"inLanguage\":\"es\"},{\"@type\":\"Organization\",\"@id\":\"https:\\\/\\\/www.psfamilynyc.org\\\/es\\\/#organization\",\"name\":\"Program Support FCCN\",\"alternateName\":\"PS Family NYC\",\"url\":\"https:\\\/\\\/www.psfamilynyc.org\\\/es\\\/\",\"logo\":{\"@type\":\"ImageObject\",\"inLanguage\":\"es\",\"@id\":\"https:\\\/\\\/www.psfamilynyc.org\\\/es\\\/#\\\/schema\\\/logo\\\/image\\\/\",\"url\":\"https:\\\/\\\/www.psfamilynyc.org\\\/wp-content\\\/uploads\\\/2023\\\/01\\\/cropped-ps_family_web_logos-03.png\",\"contentUrl\":\"https:\\\/\\\/www.psfamilynyc.org\\\/wp-content\\\/uploads\\\/2023\\\/01\\\/cropped-ps_family_web_logos-03.png\",\"width\":512,\"height\":512,\"caption\":\"Program Support FCCN\"},\"image\":{\"@id\":\"https:\\\/\\\/www.psfamilynyc.org\\\/es\\\/#\\\/schema\\\/logo\\\/image\\\/\"},\"sameAs\":[\"https:\\\/\\\/www.facebook.com\\\/PSfamilyNYC\",\"https:\\\/\\\/x.com\\\/PSfamilyNYC\"]},{\"@type\":\"Person\",\"@id\":\"https:\\\/\\\/www.psfamilynyc.org\\\/es\\\/#\\\/schema\\\/person\\\/695de94fe649f6bc48d93fa2b91dde7e\",\"name\":\"Program Support\",\"image\":{\"@type\":\"ImageObject\",\"inLanguage\":\"es\",\"@id\":\"https:\\\/\\\/secure.gravatar.com\\\/avatar\\\/bdb43e08567d5b1f6499a54a9a493e80a4b1026156ebc70f123edc20943e1c74?s=96&d=monsterid&r=g\",\"url\":\"https:\\\/\\\/secure.gravatar.com\\\/avatar\\\/bdb43e08567d5b1f6499a54a9a493e80a4b1026156ebc70f123edc20943e1c74?s=96&d=monsterid&r=g\",\"contentUrl\":\"https:\\\/\\\/secure.gravatar.com\\\/avatar\\\/bdb43e08567d5b1f6499a54a9a493e80a4b1026156ebc70f123edc20943e1c74?s=96&d=monsterid&r=g\",\"caption\":\"Program Support\"},\"sameAs\":[\"https:\\\/\\\/www.psfamilynyc.org\"],\"url\":\"https:\\\/\\\/www.psfamilynyc.org\\\/es\\\/author\\\/ps_family_nyc\\\/\"}]}<\/script>\n<!-- \/ Yoast SEO plugin. -->","yoast_head_json":{"title":"PS Family realiza la 5ta Jornada de Aprendizaje Profesional 'Excelente' | PS FamilyNYC","description":"PS FamilyNYC celebra el quinto D\u00eda de Aprendizaje Profesional \"Excelente\" para proveedores de cuidado infantil familiar. Explore informaci\u00f3n clave sobre c\u00f3mo promover su negocio de guarder\u00eda, refuerzo positivo, rentabilidad y pr\u00e1cticas seguras de cuidado infantil.","robots":{"index":"index","follow":"follow","max-snippet":"max-snippet:-1","max-image-preview":"max-image-preview:large","max-video-preview":"max-video-preview:-1"},"canonical":"https:\/\/www.psfamilynyc.org\/es\/ps-family-realiza-la-5ta-jornada-de-aprendizaje-profesional-excelente\/","og_locale":"es_ES","og_type":"article","og_title":"PS Family realiza la 5ta Jornada de Aprendizaje Profesional 'Excelente' | PS FamilyNYC","og_description":"PS FamilyNYC celebra el quinto D\u00eda de Aprendizaje Profesional \"Excelente\" para proveedores de cuidado infantil familiar. Explore informaci\u00f3n clave sobre c\u00f3mo promover su negocio de guarder\u00eda, refuerzo positivo, rentabilidad y pr\u00e1cticas seguras de cuidado infantil.","og_url":"https:\/\/www.psfamilynyc.org\/es\/ps-family-realiza-la-5ta-jornada-de-aprendizaje-profesional-excelente\/","og_site_name":"PS FamilyNYC","article_publisher":"https:\/\/www.facebook.com\/PSfamilyNYC","article_published_time":"2023-09-13T17:22:17+00:00","article_modified_time":"2023-09-13T18:12:29+00:00","og_image":[{"width":2500,"height":1667,"url":"https:\/\/www.psfamilynyc.org\/wp-content\/uploads\/2023\/09\/zaya-odeesho-juno1.jpg","type":"image\/jpeg"}],"author":"Program Support","twitter_card":"summary_large_image","twitter_creator":"@PSfamilyNYC","twitter_site":"@PSfamilyNYC","twitter_misc":{"Escrito por":"Program Support","Tiempo de lectura":"3 minutos"},"schema":{"@context":"https:\/\/schema.org","@graph":[{"@type":"Article","@id":"https:\/\/www.psfamilynyc.org\/es\/ps-family-realiza-la-5ta-jornada-de-aprendizaje-profesional-excelente\/#article","isPartOf":{"@id":"https:\/\/www.psfamilynyc.org\/es\/ps-family-realiza-la-5ta-jornada-de-aprendizaje-profesional-excelente\/"},"author":{"name":"Program Support","@id":"https:\/\/www.psfamilynyc.org\/es\/#\/schema\/person\/695de94fe649f6bc48d93fa2b91dde7e"},"headline":"PS Family realiza la 5ta Jornada de Aprendizaje Profesional &#8216;Excelente&#8217;","datePublished":"2023-09-13T17:22:17+00:00","dateModified":"2023-09-13T18:12:29+00:00","mainEntityOfPage":{"@id":"https:\/\/www.psfamilynyc.org\/es\/ps-family-realiza-la-5ta-jornada-de-aprendizaje-profesional-excelente\/"},"wordCount":510,"publisher":{"@id":"https:\/\/www.psfamilynyc.org\/es\/#organization"},"image":{"@id":"https:\/\/www.psfamilynyc.org\/es\/ps-family-realiza-la-5ta-jornada-de-aprendizaje-profesional-excelente\/#primaryimage"},"thumbnailUrl":"https:\/\/www.psfamilynyc.org\/wp-content\/uploads\/2023\/09\/psf_team_pikler_uk.jpg","articleSection":["Sin categorizar"],"inLanguage":"es"},{"@type":"WebPage","@id":"https:\/\/www.psfamilynyc.org\/es\/ps-family-realiza-la-5ta-jornada-de-aprendizaje-profesional-excelente\/","url":"https:\/\/www.psfamilynyc.org\/es\/ps-family-realiza-la-5ta-jornada-de-aprendizaje-profesional-excelente\/","name":"PS Family realiza la 5ta Jornada de Aprendizaje Profesional 'Excelente' | PS FamilyNYC","isPartOf":{"@id":"https:\/\/www.psfamilynyc.org\/es\/#website"},"primaryImageOfPage":{"@id":"https:\/\/www.psfamilynyc.org\/es\/ps-family-realiza-la-5ta-jornada-de-aprendizaje-profesional-excelente\/#primaryimage"},"image":{"@id":"https:\/\/www.psfamilynyc.org\/es\/ps-family-realiza-la-5ta-jornada-de-aprendizaje-profesional-excelente\/#primaryimage"},"thumbnailUrl":"https:\/\/www.psfamilynyc.org\/wp-content\/uploads\/2023\/09\/psf_team_pikler_uk.jpg","datePublished":"2023-09-13T17:22:17+00:00","dateModified":"2023-09-13T18:12:29+00:00","description":"PS FamilyNYC celebra el quinto D\u00eda de Aprendizaje Profesional \"Excelente\" para proveedores de cuidado infantil familiar. Explore informaci\u00f3n clave sobre c\u00f3mo promover su negocio de guarder\u00eda, refuerzo positivo, rentabilidad y pr\u00e1cticas seguras de cuidado infantil.","breadcrumb":{"@id":"https:\/\/www.psfamilynyc.org\/es\/ps-family-realiza-la-5ta-jornada-de-aprendizaje-profesional-excelente\/#breadcrumb"},"inLanguage":"es","potentialAction":[{"@type":"ReadAction","target":["https:\/\/www.psfamilynyc.org\/es\/ps-family-realiza-la-5ta-jornada-de-aprendizaje-profesional-excelente\/"]}]},{"@type":"ImageObject","inLanguage":"es","@id":"https:\/\/www.psfamilynyc.org\/es\/ps-family-realiza-la-5ta-jornada-de-aprendizaje-profesional-excelente\/#primaryimage","url":"https:\/\/www.psfamilynyc.org\/wp-content\/uploads\/2023\/09\/psf_team_pikler_uk.jpg","contentUrl":"https:\/\/www.psfamilynyc.org\/wp-content\/uploads\/2023\/09\/psf_team_pikler_uk.jpg","width":2560,"height":1683,"caption":"PS Family Team at the Pikler Uk training and conference on respectful care for young children."},{"@type":"BreadcrumbList","@id":"https:\/\/www.psfamilynyc.org\/es\/ps-family-realiza-la-5ta-jornada-de-aprendizaje-profesional-excelente\/#breadcrumb","itemListElement":[{"@type":"ListItem","position":1,"name":"Home","item":"https:\/\/www.psfamilynyc.org\/es\/inicio\/"},{"@type":"ListItem","position":2,"name":"PS Family realiza la 5ta Jornada de Aprendizaje Profesional &#8216;Excelente&#8217;"}]},{"@type":"WebSite","@id":"https:\/\/www.psfamilynyc.org\/es\/#website","url":"https:\/\/www.psfamilynyc.org\/es\/","name":"PS FamilyNYC","description":"Una red de atenci\u00f3n infantil familiar dedicada a facilitar el acceso a la atenci\u00f3n infantil a domicilio.","publisher":{"@id":"https:\/\/www.psfamilynyc.org\/es\/#organization"},"alternateName":"Program Support FCCN","potentialAction":[{"@type":"SearchAction","target":{"@type":"EntryPoint","urlTemplate":"https:\/\/www.psfamilynyc.org\/es\/?s={search_term_string}"},"query-input":{"@type":"PropertyValueSpecification","valueRequired":true,"valueName":"search_term_string"}}],"inLanguage":"es"},{"@type":"Organization","@id":"https:\/\/www.psfamilynyc.org\/es\/#organization","name":"Program Support FCCN","alternateName":"PS Family NYC","url":"https:\/\/www.psfamilynyc.org\/es\/","logo":{"@type":"ImageObject","inLanguage":"es","@id":"https:\/\/www.psfamilynyc.org\/es\/#\/schema\/logo\/image\/","url":"https:\/\/www.psfamilynyc.org\/wp-content\/uploads\/2023\/01\/cropped-ps_family_web_logos-03.png","contentUrl":"https:\/\/www.psfamilynyc.org\/wp-content\/uploads\/2023\/01\/cropped-ps_family_web_logos-03.png","width":512,"height":512,"caption":"Program Support FCCN"},"image":{"@id":"https:\/\/www.psfamilynyc.org\/es\/#\/schema\/logo\/image\/"},"sameAs":["https:\/\/www.facebook.com\/PSfamilyNYC","https:\/\/x.com\/PSfamilyNYC"]},{"@type":"Person","@id":"https:\/\/www.psfamilynyc.org\/es\/#\/schema\/person\/695de94fe649f6bc48d93fa2b91dde7e","name":"Program Support","image":{"@type":"ImageObject","inLanguage":"es","@id":"https:\/\/secure.gravatar.com\/avatar\/bdb43e08567d5b1f6499a54a9a493e80a4b1026156ebc70f123edc20943e1c74?s=96&d=monsterid&r=g","url":"https:\/\/secure.gravatar.com\/avatar\/bdb43e08567d5b1f6499a54a9a493e80a4b1026156ebc70f123edc20943e1c74?s=96&d=monsterid&r=g","contentUrl":"https:\/\/secure.gravatar.com\/avatar\/bdb43e08567d5b1f6499a54a9a493e80a4b1026156ebc70f123edc20943e1c74?s=96&d=monsterid&r=g","caption":"Program Support"},"sameAs":["https:\/\/www.psfamilynyc.org"],"url":"https:\/\/www.psfamilynyc.org\/es\/author\/ps_family_nyc\/"}]}},"_links":{"self":[{"href":"https:\/\/www.psfamilynyc.org\/es\/wp-json\/wp\/v2\/posts\/15749","targetHints":{"allow":["GET"]}}],"collection":[{"href":"https:\/\/www.psfamilynyc.org\/es\/wp-json\/wp\/v2\/posts"}],"about":[{"href":"https:\/\/www.psfamilynyc.org\/es\/wp-json\/wp\/v2\/types\/post"}],"author":[{"embeddable":true,"href":"https:\/\/www.psfamilynyc.org\/es\/wp-json\/wp\/v2\/users\/1"}],"replies":[{"embeddable":true,"href":"https:\/\/www.psfamilynyc.org\/es\/wp-json\/wp\/v2\/comments?post=15749"}],"version-history":[{"count":0,"href":"https:\/\/www.psfamilynyc.org\/es\/wp-json\/wp\/v2\/posts\/15749\/revisions"}],"wp:featuredmedia":[{"embeddable":true,"href":"https:\/\/www.psfamilynyc.org\/es\/wp-json\/wp\/v2\/media\/19440"}],"wp:attachment":[{"href":"https:\/\/www.psfamilynyc.org\/es\/wp-json\/wp\/v2\/media?parent=15749"}],"wp:term":[{"taxonomy":"category","embeddable":true,"href":"https:\/\/www.psfamilynyc.org\/es\/wp-json\/wp\/v2\/categories?post=15749"},{"taxonomy":"post_tag","embeddable":true,"href":"https:\/\/www.psfamilynyc.org\/es\/wp-json\/wp\/v2\/tags?post=15749"}],"curies":[{"name":"wp","href":"https:\/\/api.w.org\/{rel}","templated":true}]}}