{"id":39414,"date":"2021-03-01T12:57:00","date_gmt":"2021-03-01T17:57:00","guid":{"rendered":"https:\/\/www.psfamilynyc.org\/rosa-nunez-espana-comenzando-un-cuidado-diurno-familiar-grupal-un-pequeno-mundo\/"},"modified":"2024-12-20T15:32:24","modified_gmt":"2024-12-20T20:32:24","slug":"rosa-nunez-espana-comenzando-un-cuidado-diurno-familiar-grupal-un-pequeno-mundo","status":"publish","type":"post","link":"https:\/\/www.psfamilynyc.org\/es\/rosa-nunez-espana-comenzando-un-cuidado-diurno-familiar-grupal-un-pequeno-mundo\/","title":{"rendered":"Rosa N\u00fa\u00f1ez &#8211; Espa\u00f1a | Comenzando un Cuidado Diurno Familiar Grupal Un Peque\u00f1o Mundo"},"content":{"rendered":"\t\t<div data-elementor-type=\"wp-post\" data-elementor-id=\"39414\" class=\"elementor elementor-39414 elementor-68\" data-elementor-post-type=\"post\">\n\t\t\t\t        <section class=\"elementor-section elementor-top-section elementor-element elementor-element-21f5ed09 elementor-section-boxed elementor-section-height-default elementor-section-height-default ct-header-fixed-none ct-row-max-none\" data-id=\"21f5ed09\" data-element_type=\"section\" data-e-type=\"section\">\n            \n                        <div class=\"elementor-container elementor-column-gap-extended \">\n                            <div class=\"elementor-row\">\n                    <div class=\"elementor-column elementor-col-100 elementor-top-column elementor-element elementor-element-7131a414\" data-id=\"7131a414\" data-element_type=\"column\" data-e-type=\"column\">\n            <div class=\"elementor-column-wrap elementor-element-populated\">\n                            <div class=\"elementor-widget-wrap\">\n                \t\t<div class=\"elementor-element elementor-element-a80cda1 elementor-widget elementor-widget-ct_title\" data-id=\"a80cda1\" data-element_type=\"widget\" data-e-type=\"widget\" data-widget_type=\"ct_title.default\">\n\t\t\t\t<div class=\"elementor-widget-container\">\n\t\t\t\t\t<div class=\"ct-title1 style2\">\r\n    <h3>\r\n    \t\t        <span>Damos los mejores Servicios  <\/span>\r\n\t        <i><\/i>\r\n\t        <\/h3>\r\n<\/div>\t\t\t\t<\/div>\n\t\t\t\t<\/div>\n\t\t\t\t<div class=\"elementor-element elementor-element-228985e3 elementor-widget elementor-widget-ct_image\" data-id=\"228985e3\" data-element_type=\"widget\" data-e-type=\"widget\" data-widget_type=\"ct_image.default\">\n\t\t\t\t<div class=\"elementor-widget-container\">\n\t\t\t\t\t<div class=\"ct-image-single img-type-img ct-no-effect  \" data-wow-delay=\"ms\">\r\n                        <img fetchpriority=\"high\" decoding=\"async\" width=\"1080\" height=\"1080\" src=\"https:\/\/www.psfamilynyc.org\/wp-content\/uploads\/2023\/01\/PS-21-spotlight-1080x1080-Rosa-Nunez.png\" class=\"attachment-full\" alt=\"\" \/>            <\/div>\t\t\t\t<\/div>\n\t\t\t\t<\/div>\n\t\t\t\t<div class=\"elementor-element elementor-element-703c295a elementor-widget elementor-widget-text-editor\" data-id=\"703c295a\" data-element_type=\"widget\" data-e-type=\"widget\" data-widget_type=\"text-editor.default\">\n\t\t\t\t<div class=\"elementor-widget-container\">\n\t\t\t\t\t\t\t\t\t<p class=\"\" style=\"white-space: pre-wrap;\"><strong>\u00bfCu\u00e1nto tiempo lleva abierto tu negocio?  <\/strong><br \/>5 a\u00f1os<\/p>\n<p class=\"\" style=\"white-space: pre-wrap;\"><strong>\u00bfQu\u00e9 te inspir\u00f3 a abrir una guarder\u00eda?  <\/strong><br \/>Quer\u00eda crear un programa en el que las necesidades de los ni\u00f1os estuvieran cubiertas y los padres tuvieran la tranquilidad de dejar a sus hijos a mi cuidado.<\/p>\n<p class=\"\" style=\"white-space: pre-wrap;\"><strong>\u00bfCu\u00e1l es una de tus actividades favoritas para hacer con ni\u00f1os?  <\/strong><br \/>Sal al patio y juega.<\/p>\n<p class=\"\" style=\"white-space: pre-wrap;\"><strong>\u00bfQu\u00e9 consejo le dar\u00edas a alguien que abre una guarder\u00eda?  <\/strong><br \/>Cuida a los ni\u00f1os y prot\u00e9gelos como lo har\u00edas con tus propios hijos.<\/p>\n<p class=\"\" style=\"white-space: pre-wrap;\"><strong>\u00bfQu\u00e9 precauciones de seguridad de Covid-19 est\u00e1 tomando su empresa?  <\/strong><br \/>No dejar entrar a las personas al programa si no es necesario, mucha limpieza y desinfecci\u00f3n en cada transici\u00f3n y mantener los equipos de desinfecci\u00f3n y limpieza en cada lugar donde haya tr\u00e1fico.<\/p>\n<p class=\"\" style=\"white-space: pre-wrap;\"><strong>\u00bfCu\u00e1l es tu libro infantil favorito?  <\/strong><br \/>Mi Especial Un Poco De Cuerpo Por Sarah semanas.<\/p>\n<p class=\"\" style=\"white-space: pre-wrap;\"><strong>\u00bfCu\u00e1l es tu canci\u00f3n favorita para cantar con los ni\u00f1os?<\/strong><br \/>Caminando por el bosque. Canci\u00f3n casera <\/p>\n<p class=\"\" style=\"white-space: pre-wrap;\"><strong>\u00bfTienes un animal favorito?  <\/strong><br \/>\u00a1Tortugas!<\/p>\n\t\t\t\t\t\t\t\t<\/div>\n\t\t\t\t<\/div>\n\t\t\t\t<div class=\"elementor-element elementor-element-6d385fb9 elementor-widget elementor-widget-ct_gallery_carousel\" data-id=\"6d385fb9\" data-element_type=\"widget\" data-e-type=\"widget\" data-widget_type=\"ct_gallery_carousel.default\">\n\t\t\t\t<div class=\"elementor-widget-container\">\n\t\t\t\t\t    <div class=\"ct-gallery-carousel1 ct-slick-slider\">\r\n        <div class=\"ct-carousel-inner\">\r\n            <div class=\"ct-slick-carousel\" data-arrows=\"\" data-dots=\"true\" data-pauseOnHover=\"\" data-autoplay=\"true\" data-autoplaySpeed=\"5000\" data-infinite=\"\" data-speed=\"500\" data-colxs=\"1\" data-colsm=\"2\" data-colmd=\"2\" data-collg=\"2\" data-colxl=\"2\" data-dir=\"false\" data-slidesToScroll=\"2\">\r\n                                    <div class=\"slick-slide\">\r\n                        <img decoding=\"async\" class=\"\" src=\"https:\/\/www.psfamilynyc.org\/wp-content\/uploads\/2023\/01\/F9FE94FA-9513-4404-8DA2-2932ECFD5862-RosaNunez-scaled-475x600.jpg\" width=\"475\" height=\"600\" alt=\"F9FE94FA-9513-4404-8DA2-2932ECFD5862 - Rosa Nunez.jpeg\" title=\"F9FE94FA-9513-4404-8DA2-2932ECFD5862 - Rosa Nunez.jpeg\" \/>                    <\/div>\r\n                                    <div class=\"slick-slide\">\r\n                        <img decoding=\"async\" class=\"\" src=\"https:\/\/www.psfamilynyc.org\/wp-content\/uploads\/2023\/01\/EE2CC611-3020-433E-B3D4-FC21A1584E71-RosaNunez-scaled-475x600.jpg\" width=\"475\" height=\"600\" alt=\"EE2CC611-3020-433E-B3D4-FC21A1584E71 - Rosa Nunez.jpeg\" title=\"EE2CC611-3020-433E-B3D4-FC21A1584E71 - Rosa Nunez.jpeg\" \/>                    <\/div>\r\n                                    <div class=\"slick-slide\">\r\n                        <img loading=\"lazy\" decoding=\"async\" class=\"\" src=\"https:\/\/www.psfamilynyc.org\/wp-content\/uploads\/2023\/01\/DBFB3770-2CF9-4B6F-8288-BC66C8624618-RosaNunez-scaled-475x600.jpg\" width=\"475\" height=\"600\" alt=\"DBFB3770-2CF9-4B6F-8288-BC66C8624618 - Rosa Nunez.jpeg\" title=\"DBFB3770-2CF9-4B6F-8288-BC66C8624618 - Rosa Nunez.jpeg\" \/>                    <\/div>\r\n                                    <div class=\"slick-slide\">\r\n                        <img loading=\"lazy\" decoding=\"async\" class=\"\" src=\"https:\/\/www.psfamilynyc.org\/wp-content\/uploads\/2023\/01\/14629834-52FD-4E7C-B207-8E5A406997A1-RosaNunez-475x600.jpg\" width=\"475\" height=\"600\" alt=\"14629834-52FD-4E7C-B207-8E5A406997A1 - Rosa Nunez.jpeg\" title=\"14629834-52FD-4E7C-B207-8E5A406997A1 - Rosa Nunez.jpeg\" \/>                    <\/div>\r\n                                    <div class=\"slick-slide\">\r\n                        <img loading=\"lazy\" decoding=\"async\" class=\"\" src=\"https:\/\/www.psfamilynyc.org\/wp-content\/uploads\/2023\/01\/7BF6B004-C2CD-406A-97EE-9B4BFAECFECB-RosaNunez-scaled-475x600.jpg\" width=\"475\" height=\"600\" alt=\"7BF6B004-C2CD-406A-97EE-9B4BFAECFECB - Rosa Nunez.jpeg\" title=\"7BF6B004-C2CD-406A-97EE-9B4BFAECFECB - Rosa Nunez.jpeg\" \/>                    <\/div>\r\n                            <\/div>\r\n        <\/div>\r\n    <\/div>\r\n\t\t\t\t<\/div>\n\t\t\t\t<\/div>\n\t\t                <\/div>\n                    <\/div>\n        <\/div>\n                                <\/div>\n                    <\/div>\n        <\/section>\n        \t\t<\/div>\n\t\t","protected":false},"excerpt":{"rendered":"<p class=\"\" style=\"white-space:pre-wrap;\">\u00bfQu\u00e9 te inspir\u00f3 a abrir una guarder\u00eda?  <\/p>\n<p class=\"\" style=\"white-space:pre-wrap;\"><em>\u00bfQu\u00e9 te inspir\u00f3 a abrir una guarder\u00eda?<\/em><\/p>\n","protected":false},"author":3,"featured_media":7445,"comment_status":"closed","ping_status":"open","sticky":false,"template":"","format":"standard","meta":{"footnotes":""},"categories":[230],"tags":[593,595,586,562,589,564,594],"class_list":["post-39414","post","type-post","status-publish","format-standard","has-post-thumbnail","hentry","category-proveedor-destacado","tag-11221-es","tag-comenzando-un-cuidado-diurno-familiar-grupal-un-pequeno-mundo","tag-espanol","tag-ingles","tag-mecha-de-arbustos","tag-proveedor-destacado","tag-rosa-nunez-es"],"yoast_head":"<!-- This site is optimized with the Yoast SEO plugin v27.4 - https:\/\/yoast.com\/product\/yoast-seo-wordpress\/ -->\n<title>Rosa N\u00fa\u00f1ez - Espa\u00f1a | Comenzando un Cuidado Diurno Familiar Grupal Un Peque\u00f1o Mundo | PS FamilyNYC<\/title>\n<meta name=\"robots\" content=\"index, follow, max-snippet:-1, max-image-preview:large, max-video-preview:-1\" \/>\n<link rel=\"canonical\" href=\"https:\/\/www.psfamilynyc.org\/es\/rosa-nunez-espana-comenzando-un-cuidado-diurno-familiar-grupal-un-pequeno-mundo\/\" \/>\n<meta property=\"og:locale\" content=\"es_ES\" \/>\n<meta property=\"og:type\" content=\"article\" \/>\n<meta property=\"og:title\" content=\"Rosa N\u00fa\u00f1ez - Espa\u00f1a | Comenzando un Cuidado Diurno Familiar Grupal Un Peque\u00f1o Mundo | PS FamilyNYC\" \/>\n<meta property=\"og:description\" content=\"\u00bfQu\u00e9 te inspir\u00f3 a abrir una guarder\u00eda? \u00bfQu\u00e9 te inspir\u00f3 a abrir una guarder\u00eda?\" \/>\n<meta property=\"og:url\" content=\"https:\/\/www.psfamilynyc.org\/es\/rosa-nunez-espana-comenzando-un-cuidado-diurno-familiar-grupal-un-pequeno-mundo\/\" \/>\n<meta property=\"og:site_name\" content=\"PS FamilyNYC\" \/>\n<meta property=\"article:publisher\" content=\"https:\/\/www.facebook.com\/PSfamilyNYC\" \/>\n<meta property=\"article:published_time\" content=\"2021-03-01T17:57:00+00:00\" \/>\n<meta property=\"article:modified_time\" content=\"2024-12-20T20:32:24+00:00\" \/>\n<meta property=\"og:image\" content=\"https:\/\/www.psfamilynyc.org\/wp-content\/uploads\/2021\/03\/PS-21-spotlight-1080x1080-Rosa-Nunez.png\" \/>\n\t<meta property=\"og:image:width\" content=\"1080\" \/>\n\t<meta property=\"og:image:height\" content=\"1080\" \/>\n\t<meta property=\"og:image:type\" content=\"image\/png\" \/>\n<meta name=\"author\" content=\"Emilie Gay\" \/>\n<meta name=\"twitter:card\" content=\"summary_large_image\" \/>\n<meta name=\"twitter:creator\" content=\"@PSfamilyNYC\" \/>\n<meta name=\"twitter:site\" content=\"@PSfamilyNYC\" \/>\n<meta name=\"twitter:label1\" content=\"Escrito por\" \/>\n\t<meta name=\"twitter:data1\" content=\"Emilie Gay\" \/>\n\t<meta name=\"twitter:label2\" content=\"Tiempo de lectura\" \/>\n\t<meta name=\"twitter:data2\" content=\"1 minuto\" \/>\n<script type=\"application\/ld+json\" class=\"yoast-schema-graph\">{\"@context\":\"https:\\\/\\\/schema.org\",\"@graph\":[{\"@type\":\"Article\",\"@id\":\"https:\\\/\\\/www.psfamilynyc.org\\\/es\\\/rosa-nunez-espana-comenzando-un-cuidado-diurno-familiar-grupal-un-pequeno-mundo\\\/#article\",\"isPartOf\":{\"@id\":\"https:\\\/\\\/www.psfamilynyc.org\\\/es\\\/rosa-nunez-espana-comenzando-un-cuidado-diurno-familiar-grupal-un-pequeno-mundo\\\/\"},\"author\":{\"name\":\"Emilie Gay\",\"@id\":\"https:\\\/\\\/www.psfamilynyc.org\\\/es\\\/#\\\/schema\\\/person\\\/796f861a11859bce9d5d9fa427a11299\"},\"headline\":\"Rosa N\u00fa\u00f1ez &#8211; Espa\u00f1a | Comenzando un Cuidado Diurno Familiar Grupal Un Peque\u00f1o Mundo\",\"datePublished\":\"2021-03-01T17:57:00+00:00\",\"dateModified\":\"2024-12-20T20:32:24+00:00\",\"mainEntityOfPage\":{\"@id\":\"https:\\\/\\\/www.psfamilynyc.org\\\/es\\\/rosa-nunez-espana-comenzando-un-cuidado-diurno-familiar-grupal-un-pequeno-mundo\\\/\"},\"wordCount\":201,\"publisher\":{\"@id\":\"https:\\\/\\\/www.psfamilynyc.org\\\/es\\\/#organization\"},\"image\":{\"@id\":\"https:\\\/\\\/www.psfamilynyc.org\\\/es\\\/rosa-nunez-espana-comenzando-un-cuidado-diurno-familiar-grupal-un-pequeno-mundo\\\/#primaryimage\"},\"thumbnailUrl\":\"https:\\\/\\\/www.psfamilynyc.org\\\/wp-content\\\/uploads\\\/2021\\\/03\\\/PS-21-spotlight-1080x1080-Rosa-Nunez.png\",\"keywords\":[\"11221\",\"Comenzando un Cuidado Diurno Familiar Grupal Un Peque\u00f1o Mundo\",\"Espa\u00f1ol\",\"Ingl\u00e9s\",\"mecha de arbustos\",\"Proveedor destacado\",\"Rosa N\u00fa\u00f1ez\"],\"articleSection\":[\"Proveedor Destacado\"],\"inLanguage\":\"es\"},{\"@type\":\"WebPage\",\"@id\":\"https:\\\/\\\/www.psfamilynyc.org\\\/es\\\/rosa-nunez-espana-comenzando-un-cuidado-diurno-familiar-grupal-un-pequeno-mundo\\\/\",\"url\":\"https:\\\/\\\/www.psfamilynyc.org\\\/es\\\/rosa-nunez-espana-comenzando-un-cuidado-diurno-familiar-grupal-un-pequeno-mundo\\\/\",\"name\":\"Rosa N\u00fa\u00f1ez - Espa\u00f1a | Comenzando un Cuidado Diurno Familiar Grupal Un Peque\u00f1o Mundo | PS FamilyNYC\",\"isPartOf\":{\"@id\":\"https:\\\/\\\/www.psfamilynyc.org\\\/es\\\/#website\"},\"primaryImageOfPage\":{\"@id\":\"https:\\\/\\\/www.psfamilynyc.org\\\/es\\\/rosa-nunez-espana-comenzando-un-cuidado-diurno-familiar-grupal-un-pequeno-mundo\\\/#primaryimage\"},\"image\":{\"@id\":\"https:\\\/\\\/www.psfamilynyc.org\\\/es\\\/rosa-nunez-espana-comenzando-un-cuidado-diurno-familiar-grupal-un-pequeno-mundo\\\/#primaryimage\"},\"thumbnailUrl\":\"https:\\\/\\\/www.psfamilynyc.org\\\/wp-content\\\/uploads\\\/2021\\\/03\\\/PS-21-spotlight-1080x1080-Rosa-Nunez.png\",\"datePublished\":\"2021-03-01T17:57:00+00:00\",\"dateModified\":\"2024-12-20T20:32:24+00:00\",\"breadcrumb\":{\"@id\":\"https:\\\/\\\/www.psfamilynyc.org\\\/es\\\/rosa-nunez-espana-comenzando-un-cuidado-diurno-familiar-grupal-un-pequeno-mundo\\\/#breadcrumb\"},\"inLanguage\":\"es\",\"potentialAction\":[{\"@type\":\"ReadAction\",\"target\":[\"https:\\\/\\\/www.psfamilynyc.org\\\/es\\\/rosa-nunez-espana-comenzando-un-cuidado-diurno-familiar-grupal-un-pequeno-mundo\\\/\"]}]},{\"@type\":\"ImageObject\",\"inLanguage\":\"es\",\"@id\":\"https:\\\/\\\/www.psfamilynyc.org\\\/es\\\/rosa-nunez-espana-comenzando-un-cuidado-diurno-familiar-grupal-un-pequeno-mundo\\\/#primaryimage\",\"url\":\"https:\\\/\\\/www.psfamilynyc.org\\\/wp-content\\\/uploads\\\/2021\\\/03\\\/PS-21-spotlight-1080x1080-Rosa-Nunez.png\",\"contentUrl\":\"https:\\\/\\\/www.psfamilynyc.org\\\/wp-content\\\/uploads\\\/2021\\\/03\\\/PS-21-spotlight-1080x1080-Rosa-Nunez.png\",\"width\":1080,\"height\":1080,\"caption\":\"exc-600b186b8035aa623db92fb1\"},{\"@type\":\"BreadcrumbList\",\"@id\":\"https:\\\/\\\/www.psfamilynyc.org\\\/es\\\/rosa-nunez-espana-comenzando-un-cuidado-diurno-familiar-grupal-un-pequeno-mundo\\\/#breadcrumb\",\"itemListElement\":[{\"@type\":\"ListItem\",\"position\":1,\"name\":\"Home\",\"item\":\"https:\\\/\\\/www.psfamilynyc.org\\\/es\\\/inicio\\\/\"},{\"@type\":\"ListItem\",\"position\":2,\"name\":\"Rosa N\u00fa\u00f1ez &#8211; Espa\u00f1a | Comenzando un Cuidado Diurno Familiar Grupal Un Peque\u00f1o Mundo\"}]},{\"@type\":\"WebSite\",\"@id\":\"https:\\\/\\\/www.psfamilynyc.org\\\/es\\\/#website\",\"url\":\"https:\\\/\\\/www.psfamilynyc.org\\\/es\\\/\",\"name\":\"PS FamilyNYC\",\"description\":\"Una red de atenci\u00f3n infantil familiar dedicada a facilitar el acceso a la atenci\u00f3n infantil a domicilio.\",\"publisher\":{\"@id\":\"https:\\\/\\\/www.psfamilynyc.org\\\/es\\\/#organization\"},\"alternateName\":\"Program Support FCCN\",\"potentialAction\":[{\"@type\":\"SearchAction\",\"target\":{\"@type\":\"EntryPoint\",\"urlTemplate\":\"https:\\\/\\\/www.psfamilynyc.org\\\/es\\\/?s={search_term_string}\"},\"query-input\":{\"@type\":\"PropertyValueSpecification\",\"valueRequired\":true,\"valueName\":\"search_term_string\"}}],\"inLanguage\":\"es\"},{\"@type\":\"Organization\",\"@id\":\"https:\\\/\\\/www.psfamilynyc.org\\\/es\\\/#organization\",\"name\":\"Program Support FCCN\",\"alternateName\":\"PS Family NYC\",\"url\":\"https:\\\/\\\/www.psfamilynyc.org\\\/es\\\/\",\"logo\":{\"@type\":\"ImageObject\",\"inLanguage\":\"es\",\"@id\":\"https:\\\/\\\/www.psfamilynyc.org\\\/es\\\/#\\\/schema\\\/logo\\\/image\\\/\",\"url\":\"https:\\\/\\\/www.psfamilynyc.org\\\/wp-content\\\/uploads\\\/2023\\\/01\\\/cropped-ps_family_web_logos-03.png\",\"contentUrl\":\"https:\\\/\\\/www.psfamilynyc.org\\\/wp-content\\\/uploads\\\/2023\\\/01\\\/cropped-ps_family_web_logos-03.png\",\"width\":512,\"height\":512,\"caption\":\"Program Support FCCN\"},\"image\":{\"@id\":\"https:\\\/\\\/www.psfamilynyc.org\\\/es\\\/#\\\/schema\\\/logo\\\/image\\\/\"},\"sameAs\":[\"https:\\\/\\\/www.facebook.com\\\/PSfamilyNYC\",\"https:\\\/\\\/x.com\\\/PSfamilyNYC\"]},{\"@type\":\"Person\",\"@id\":\"https:\\\/\\\/www.psfamilynyc.org\\\/es\\\/#\\\/schema\\\/person\\\/796f861a11859bce9d5d9fa427a11299\",\"name\":\"Emilie Gay\",\"image\":{\"@type\":\"ImageObject\",\"inLanguage\":\"es\",\"@id\":\"https:\\\/\\\/secure.gravatar.com\\\/avatar\\\/ab83955692bb67f04af346f492e536e1af268da5a3405f48a3dbfa35e3197c51?s=96&d=monsterid&r=g\",\"url\":\"https:\\\/\\\/secure.gravatar.com\\\/avatar\\\/ab83955692bb67f04af346f492e536e1af268da5a3405f48a3dbfa35e3197c51?s=96&d=monsterid&r=g\",\"contentUrl\":\"https:\\\/\\\/secure.gravatar.com\\\/avatar\\\/ab83955692bb67f04af346f492e536e1af268da5a3405f48a3dbfa35e3197c51?s=96&d=monsterid&r=g\",\"caption\":\"Emilie Gay\"},\"url\":\"https:\\\/\\\/www.psfamilynyc.org\\\/es\\\/author\\\/emmy_gay\\\/\"}]}<\/script>\n<!-- \/ Yoast SEO plugin. -->","yoast_head_json":{"title":"Rosa N\u00fa\u00f1ez - Espa\u00f1a | Comenzando un Cuidado Diurno Familiar Grupal Un Peque\u00f1o Mundo | PS FamilyNYC","robots":{"index":"index","follow":"follow","max-snippet":"max-snippet:-1","max-image-preview":"max-image-preview:large","max-video-preview":"max-video-preview:-1"},"canonical":"https:\/\/www.psfamilynyc.org\/es\/rosa-nunez-espana-comenzando-un-cuidado-diurno-familiar-grupal-un-pequeno-mundo\/","og_locale":"es_ES","og_type":"article","og_title":"Rosa N\u00fa\u00f1ez - Espa\u00f1a | Comenzando un Cuidado Diurno Familiar Grupal Un Peque\u00f1o Mundo | PS FamilyNYC","og_description":"\u00bfQu\u00e9 te inspir\u00f3 a abrir una guarder\u00eda? \u00bfQu\u00e9 te inspir\u00f3 a abrir una guarder\u00eda?","og_url":"https:\/\/www.psfamilynyc.org\/es\/rosa-nunez-espana-comenzando-un-cuidado-diurno-familiar-grupal-un-pequeno-mundo\/","og_site_name":"PS FamilyNYC","article_publisher":"https:\/\/www.facebook.com\/PSfamilyNYC","article_published_time":"2021-03-01T17:57:00+00:00","article_modified_time":"2024-12-20T20:32:24+00:00","og_image":[{"width":1080,"height":1080,"url":"https:\/\/www.psfamilynyc.org\/wp-content\/uploads\/2021\/03\/PS-21-spotlight-1080x1080-Rosa-Nunez.png","type":"image\/png"}],"author":"Emilie Gay","twitter_card":"summary_large_image","twitter_creator":"@PSfamilyNYC","twitter_site":"@PSfamilyNYC","twitter_misc":{"Escrito por":"Emilie Gay","Tiempo de lectura":"1 minuto"},"schema":{"@context":"https:\/\/schema.org","@graph":[{"@type":"Article","@id":"https:\/\/www.psfamilynyc.org\/es\/rosa-nunez-espana-comenzando-un-cuidado-diurno-familiar-grupal-un-pequeno-mundo\/#article","isPartOf":{"@id":"https:\/\/www.psfamilynyc.org\/es\/rosa-nunez-espana-comenzando-un-cuidado-diurno-familiar-grupal-un-pequeno-mundo\/"},"author":{"name":"Emilie Gay","@id":"https:\/\/www.psfamilynyc.org\/es\/#\/schema\/person\/796f861a11859bce9d5d9fa427a11299"},"headline":"Rosa N\u00fa\u00f1ez &#8211; Espa\u00f1a | Comenzando un Cuidado Diurno Familiar Grupal Un Peque\u00f1o Mundo","datePublished":"2021-03-01T17:57:00+00:00","dateModified":"2024-12-20T20:32:24+00:00","mainEntityOfPage":{"@id":"https:\/\/www.psfamilynyc.org\/es\/rosa-nunez-espana-comenzando-un-cuidado-diurno-familiar-grupal-un-pequeno-mundo\/"},"wordCount":201,"publisher":{"@id":"https:\/\/www.psfamilynyc.org\/es\/#organization"},"image":{"@id":"https:\/\/www.psfamilynyc.org\/es\/rosa-nunez-espana-comenzando-un-cuidado-diurno-familiar-grupal-un-pequeno-mundo\/#primaryimage"},"thumbnailUrl":"https:\/\/www.psfamilynyc.org\/wp-content\/uploads\/2021\/03\/PS-21-spotlight-1080x1080-Rosa-Nunez.png","keywords":["11221","Comenzando un Cuidado Diurno Familiar Grupal Un Peque\u00f1o Mundo","Espa\u00f1ol","Ingl\u00e9s","mecha de arbustos","Proveedor destacado","Rosa N\u00fa\u00f1ez"],"articleSection":["Proveedor Destacado"],"inLanguage":"es"},{"@type":"WebPage","@id":"https:\/\/www.psfamilynyc.org\/es\/rosa-nunez-espana-comenzando-un-cuidado-diurno-familiar-grupal-un-pequeno-mundo\/","url":"https:\/\/www.psfamilynyc.org\/es\/rosa-nunez-espana-comenzando-un-cuidado-diurno-familiar-grupal-un-pequeno-mundo\/","name":"Rosa N\u00fa\u00f1ez - Espa\u00f1a | Comenzando un Cuidado Diurno Familiar Grupal Un Peque\u00f1o Mundo | PS FamilyNYC","isPartOf":{"@id":"https:\/\/www.psfamilynyc.org\/es\/#website"},"primaryImageOfPage":{"@id":"https:\/\/www.psfamilynyc.org\/es\/rosa-nunez-espana-comenzando-un-cuidado-diurno-familiar-grupal-un-pequeno-mundo\/#primaryimage"},"image":{"@id":"https:\/\/www.psfamilynyc.org\/es\/rosa-nunez-espana-comenzando-un-cuidado-diurno-familiar-grupal-un-pequeno-mundo\/#primaryimage"},"thumbnailUrl":"https:\/\/www.psfamilynyc.org\/wp-content\/uploads\/2021\/03\/PS-21-spotlight-1080x1080-Rosa-Nunez.png","datePublished":"2021-03-01T17:57:00+00:00","dateModified":"2024-12-20T20:32:24+00:00","breadcrumb":{"@id":"https:\/\/www.psfamilynyc.org\/es\/rosa-nunez-espana-comenzando-un-cuidado-diurno-familiar-grupal-un-pequeno-mundo\/#breadcrumb"},"inLanguage":"es","potentialAction":[{"@type":"ReadAction","target":["https:\/\/www.psfamilynyc.org\/es\/rosa-nunez-espana-comenzando-un-cuidado-diurno-familiar-grupal-un-pequeno-mundo\/"]}]},{"@type":"ImageObject","inLanguage":"es","@id":"https:\/\/www.psfamilynyc.org\/es\/rosa-nunez-espana-comenzando-un-cuidado-diurno-familiar-grupal-un-pequeno-mundo\/#primaryimage","url":"https:\/\/www.psfamilynyc.org\/wp-content\/uploads\/2021\/03\/PS-21-spotlight-1080x1080-Rosa-Nunez.png","contentUrl":"https:\/\/www.psfamilynyc.org\/wp-content\/uploads\/2021\/03\/PS-21-spotlight-1080x1080-Rosa-Nunez.png","width":1080,"height":1080,"caption":"exc-600b186b8035aa623db92fb1"},{"@type":"BreadcrumbList","@id":"https:\/\/www.psfamilynyc.org\/es\/rosa-nunez-espana-comenzando-un-cuidado-diurno-familiar-grupal-un-pequeno-mundo\/#breadcrumb","itemListElement":[{"@type":"ListItem","position":1,"name":"Home","item":"https:\/\/www.psfamilynyc.org\/es\/inicio\/"},{"@type":"ListItem","position":2,"name":"Rosa N\u00fa\u00f1ez &#8211; Espa\u00f1a | Comenzando un Cuidado Diurno Familiar Grupal Un Peque\u00f1o Mundo"}]},{"@type":"WebSite","@id":"https:\/\/www.psfamilynyc.org\/es\/#website","url":"https:\/\/www.psfamilynyc.org\/es\/","name":"PS FamilyNYC","description":"Una red de atenci\u00f3n infantil familiar dedicada a facilitar el acceso a la atenci\u00f3n infantil a domicilio.","publisher":{"@id":"https:\/\/www.psfamilynyc.org\/es\/#organization"},"alternateName":"Program Support FCCN","potentialAction":[{"@type":"SearchAction","target":{"@type":"EntryPoint","urlTemplate":"https:\/\/www.psfamilynyc.org\/es\/?s={search_term_string}"},"query-input":{"@type":"PropertyValueSpecification","valueRequired":true,"valueName":"search_term_string"}}],"inLanguage":"es"},{"@type":"Organization","@id":"https:\/\/www.psfamilynyc.org\/es\/#organization","name":"Program Support FCCN","alternateName":"PS Family NYC","url":"https:\/\/www.psfamilynyc.org\/es\/","logo":{"@type":"ImageObject","inLanguage":"es","@id":"https:\/\/www.psfamilynyc.org\/es\/#\/schema\/logo\/image\/","url":"https:\/\/www.psfamilynyc.org\/wp-content\/uploads\/2023\/01\/cropped-ps_family_web_logos-03.png","contentUrl":"https:\/\/www.psfamilynyc.org\/wp-content\/uploads\/2023\/01\/cropped-ps_family_web_logos-03.png","width":512,"height":512,"caption":"Program Support FCCN"},"image":{"@id":"https:\/\/www.psfamilynyc.org\/es\/#\/schema\/logo\/image\/"},"sameAs":["https:\/\/www.facebook.com\/PSfamilyNYC","https:\/\/x.com\/PSfamilyNYC"]},{"@type":"Person","@id":"https:\/\/www.psfamilynyc.org\/es\/#\/schema\/person\/796f861a11859bce9d5d9fa427a11299","name":"Emilie Gay","image":{"@type":"ImageObject","inLanguage":"es","@id":"https:\/\/secure.gravatar.com\/avatar\/ab83955692bb67f04af346f492e536e1af268da5a3405f48a3dbfa35e3197c51?s=96&d=monsterid&r=g","url":"https:\/\/secure.gravatar.com\/avatar\/ab83955692bb67f04af346f492e536e1af268da5a3405f48a3dbfa35e3197c51?s=96&d=monsterid&r=g","contentUrl":"https:\/\/secure.gravatar.com\/avatar\/ab83955692bb67f04af346f492e536e1af268da5a3405f48a3dbfa35e3197c51?s=96&d=monsterid&r=g","caption":"Emilie Gay"},"url":"https:\/\/www.psfamilynyc.org\/es\/author\/emmy_gay\/"}]}},"_links":{"self":[{"href":"https:\/\/www.psfamilynyc.org\/es\/wp-json\/wp\/v2\/posts\/39414","targetHints":{"allow":["GET"]}}],"collection":[{"href":"https:\/\/www.psfamilynyc.org\/es\/wp-json\/wp\/v2\/posts"}],"about":[{"href":"https:\/\/www.psfamilynyc.org\/es\/wp-json\/wp\/v2\/types\/post"}],"author":[{"embeddable":true,"href":"https:\/\/www.psfamilynyc.org\/es\/wp-json\/wp\/v2\/users\/3"}],"replies":[{"embeddable":true,"href":"https:\/\/www.psfamilynyc.org\/es\/wp-json\/wp\/v2\/comments?post=39414"}],"version-history":[{"count":0,"href":"https:\/\/www.psfamilynyc.org\/es\/wp-json\/wp\/v2\/posts\/39414\/revisions"}],"wp:featuredmedia":[{"embeddable":true,"href":"https:\/\/www.psfamilynyc.org\/es\/wp-json\/wp\/v2\/media\/7445"}],"wp:attachment":[{"href":"https:\/\/www.psfamilynyc.org\/es\/wp-json\/wp\/v2\/media?parent=39414"}],"wp:term":[{"taxonomy":"category","embeddable":true,"href":"https:\/\/www.psfamilynyc.org\/es\/wp-json\/wp\/v2\/categories?post=39414"},{"taxonomy":"post_tag","embeddable":true,"href":"https:\/\/www.psfamilynyc.org\/es\/wp-json\/wp\/v2\/tags?post=39414"}],"curies":[{"name":"wp","href":"https:\/\/api.w.org\/{rel}","templated":true}]}}