{"id":41184,"date":"2026-04-30T12:31:10","date_gmt":"2026-04-30T16:31:10","guid":{"rendered":"https:\/\/www.psfamilynyc.org\/que-es-eso-que-estamos-observando\/"},"modified":"2026-04-30T12:35:56","modified_gmt":"2026-04-30T16:35:56","slug":"que-es-eso-que-estamos-observando","status":"publish","type":"post","link":"https:\/\/www.psfamilynyc.org\/es\/que-es-eso-que-estamos-observando\/","title":{"rendered":"\u00bfQu\u00e9 es eso que estamos observando?"},"content":{"rendered":"\t\t<div data-elementor-type=\"wp-post\" data-elementor-id=\"41184\" class=\"elementor elementor-41184 elementor-41177\" data-elementor-post-type=\"post\">\n\t\t\t\t<div class=\"elementor-element elementor-element-3fc1668 e-flex e-con-boxed e-con e-parent\" data-id=\"3fc1668\" data-element_type=\"container\" data-e-type=\"container\">\n\t\t\t\t\t<div class=\"e-con-inner\">\n\t\t\t\t<div class=\"elementor-element elementor-element-c0dd64a elementor-widget elementor-widget-text-editor\" data-id=\"c0dd64a\" data-element_type=\"widget\" data-e-type=\"widget\" data-widget_type=\"text-editor.default\">\n\t\t\t\t<div class=\"elementor-widget-container\">\n\t\t\t\t\t\t\t\t\t<p><strong>\u00bfQu\u00e9 es eso que estamos observando?<\/strong><\/p><p><span style=\"font-weight: 400;\">No es la primera vez que pasa; al contrario, ya parece ritual. Desde que comenc\u00e9 como especialista educativo en PS Family hace 5 a\u00f1os, la temporada de ASQ siempre mueve muchas fibras. Tal vez porque me recuerda las veces que de ni\u00f1o me aplicaron herramientas parecidas. Tal vez por el proceso que implica terminar en terapias, y me recuerda mis terapias del habla. Ya se imaginar\u00e1n: un poco de retraso en el habla, que no me permit\u00eda pronunciar ni la letra &lt;&lt;r&gt;&gt; ni la &lt;&lt;l&gt;&gt;, sumado a mi acento boricua, suena pesado. Despu\u00e9s de las terapias del habla y muchos a\u00f1os de profesi\u00f3n como maestro y profesor, me han ayudado mucho. Y espero que, meridianamente, ahora se me entienda mejor. Pero este no es el tema.<\/span><\/p><p><span style=\"font-weight: 400;\">El tema es que tambi\u00e9n recuerdo que llegu\u00e9 a esas terapias porque me frustraba y me aislaba del resto de mis compa\u00f1eritos en el k\u00ednder. No me pod\u00eda comunicar bien, y eso me afectaba en mi desarrollo social y emocional. No recuerdo que usaran palabras conmigo como si yo estuviera en \u201cel espectro\u201d o fuera \u201cautista\u201d; solo recuerdo que usaban palabras como \u201cdiferente\u201d, \u201cparticular\u201d y \u201craro\u201d. A mediados de la d\u00e9cada de los noventa en Puerto Rico, la educaci\u00f3n infantil sonaba as\u00ed. Luego de la terapia, solo recuerdo que nunca volv\u00ed a estar solo en los recreos, que cre\u00e9 unas amistades incre\u00edbles y que algunas perduran hasta el d\u00eda de hoy.<\/span><\/p><p><span style=\"font-weight: 400;\">Pero basta de mi historia; aqu\u00ed a lo que vinimos: el ASQ mueve esas fibras. \u00bfPor qu\u00e9? Porque cuando asistimos a programas a recoger los ASQ y hay un caso particular, muchas descripciones que se dan de ciertos ni\u00f1os con esas herramientas no son observaciones. Son comentarios dirigidos, sobre supuestas actitudes, para hacerlas sonar como indicios de que el ni\u00f1o o la ni\u00f1a cae dentro del espectro. Primero, lo obvio: el ASQ no es un diagn\u00f3stico; es una herramienta para ver el desarrollo del ni\u00f1o, pero cada ni\u00f1o es un mundo en s\u00ed mismo.<\/span><\/p><p><span style=\"font-weight: 400;\">Segundo: s\u00ed, el ASQ nos puede decir si algo est\u00e1 pasando, pero solo si de verdad estamos observando sin prejuicios y observamos el desarrollo aislado de ese ni\u00f1o o ni\u00f1a, sin compararlo con los otros. \u00bfQu\u00e9 es eso que estamos observando? \u00bfEl desarrollo particular de un infante o toddler, o estamos observando pr\u00e1cticas particulares de esos infantes o toddlers para que encajen en la lectura que hacemos de esas pr\u00e1cticas? Vuelvo a mi historia: en estos tiempos, solo por aislarme, y con la experiencia que he tenido este a\u00f1o con los ASQ, sin duda alguien le estar\u00eda diciendo a mi especialista educativo: \u201cYo creo que es autista o est\u00e1 en el espectro\u201d. Solo porque me aislaba, porque mis palabras no pod\u00edan salir propiamente de mi boca.<\/span><\/p><p><span style=\"font-weight: 400;\">Entonces, \u00bfqu\u00e9 es eso que estamos observando? \u00bfNuestros prejuicios como adultos o el detallado proceso del desarrollo de cada infante aislado? Ante observaciones certeras, acompa\u00f1emos al infante en todo para que tenga las mejores herramientas para su desarrollo. Ante observaciones con prejuicios, desaprendamos mejor lo que nuestra propia mirada dice que observa.<\/span><\/p>\t\t\t\t\t\t\t\t<\/div>\n\t\t\t\t<\/div>\n\t\t\t\t\t<\/div>\n\t\t\t\t<\/div>\n\t\t\t\t<\/div>\n\t\t","protected":false},"excerpt":{"rendered":"<p>No es la primera vez que pasa; al contrario, ya parece ritual. Desde que comenc\u00e9 como especialista educativo en PS Family hace 5 a\u00f1os, la temporada de ASQ siempre mueve muchas fibras. Tal vez porque me recuerda las veces que de ni\u00f1o me aplicaron herramientas parecidas. Tal vez por el proceso que implica terminar en terapias, y me recuerda mis terapias del habla. Ya se imaginar\u00e1n: un poco de retraso en el habla, que no me permit\u00eda pronunciar ni la letra  ni la , sumado a mi acento boricua, suena pesado. Despu\u00e9s de las terapias del habla y muchos a\u00f1os de profesi\u00f3n como maestro y profesor, me han ayudado mucho. Y espero que, meridianamente, ahora se me entienda mejor. Pero este no es el tema.       <\/p>\n","protected":false},"author":10,"featured_media":41179,"comment_status":"closed","ping_status":"open","sticky":false,"template":"","format":"standard","meta":{"footnotes":""},"categories":[561],"tags":[],"class_list":["post-41184","post","type-post","status-publish","format-standard","has-post-thumbnail","hentry","category-blog-de-mejores-practicas"],"yoast_head":"<!-- This site is optimized with the Yoast SEO plugin v27.5 - https:\/\/yoast.com\/product\/yoast-seo-wordpress\/ -->\n<title>\u00bfQu\u00e9 es eso que estamos observando? | PS FamilyNYC<\/title>\n<meta name=\"robots\" content=\"index, follow, max-snippet:-1, max-image-preview:large, max-video-preview:-1\" \/>\n<link rel=\"canonical\" href=\"https:\/\/www.psfamilynyc.org\/es\/que-es-eso-que-estamos-observando\/\" \/>\n<meta property=\"og:locale\" content=\"es_ES\" \/>\n<meta property=\"og:type\" content=\"article\" \/>\n<meta property=\"og:title\" content=\"\u00bfQu\u00e9 es eso que estamos observando? | PS FamilyNYC\" \/>\n<meta property=\"og:description\" content=\"No es la primera vez que pasa; al contrario, ya parece ritual. Desde que comenc\u00e9 como especialista educativo en PS Family hace 5 a\u00f1os, la temporada de ASQ siempre mueve muchas fibras. Tal vez porque me recuerda las veces que de ni\u00f1o me aplicaron herramientas parecidas. Tal vez por el proceso que implica terminar en terapias, y me recuerda mis terapias del habla. Ya se imaginar\u00e1n: un poco de retraso en el habla, que no me permit\u00eda pronunciar ni la letra ni la , sumado a mi acento boricua, suena pesado. Despu\u00e9s de las terapias del habla y muchos a\u00f1os de profesi\u00f3n como maestro y profesor, me han ayudado mucho. Y espero que, meridianamente, ahora se me entienda mejor. Pero este no es el tema.\" \/>\n<meta property=\"og:url\" content=\"https:\/\/www.psfamilynyc.org\/es\/que-es-eso-que-estamos-observando\/\" \/>\n<meta property=\"og:site_name\" content=\"PS FamilyNYC\" \/>\n<meta property=\"article:publisher\" content=\"https:\/\/www.facebook.com\/PSfamilyNYC\" \/>\n<meta property=\"article:published_time\" content=\"2026-04-30T16:31:10+00:00\" \/>\n<meta property=\"article:modified_time\" content=\"2026-04-30T16:35:56+00:00\" \/>\n<meta property=\"og:image\" content=\"https:\/\/www.psfamilynyc.org\/wp-content\/uploads\/2026\/04\/blog-04-26--e1777566658339.jpg\" \/>\n\t<meta property=\"og:image:width\" content=\"2048\" \/>\n\t<meta property=\"og:image:height\" content=\"1365\" \/>\n\t<meta property=\"og:image:type\" content=\"image\/jpeg\" \/>\n<meta name=\"author\" content=\"Jaime Geliga Quinones\" \/>\n<meta name=\"twitter:card\" content=\"summary_large_image\" \/>\n<meta name=\"twitter:creator\" content=\"@PSfamilyNYC\" \/>\n<meta name=\"twitter:site\" content=\"@PSfamilyNYC\" \/>\n<meta name=\"twitter:label1\" content=\"Escrito por\" \/>\n\t<meta name=\"twitter:data1\" content=\"Jaime Geliga Quinones\" \/>\n\t<meta name=\"twitter:label2\" content=\"Tiempo de lectura\" \/>\n\t<meta name=\"twitter:data2\" content=\"3 minutos\" \/>\n<script type=\"application\/ld+json\" class=\"yoast-schema-graph\">{\"@context\":\"https:\\\/\\\/schema.org\",\"@graph\":[{\"@type\":\"Article\",\"@id\":\"https:\\\/\\\/www.psfamilynyc.org\\\/es\\\/que-es-eso-que-estamos-observando\\\/#article\",\"isPartOf\":{\"@id\":\"https:\\\/\\\/www.psfamilynyc.org\\\/es\\\/que-es-eso-que-estamos-observando\\\/\"},\"author\":{\"name\":\"Jaime Geliga Quinones\",\"@id\":\"https:\\\/\\\/www.psfamilynyc.org\\\/es\\\/#\\\/schema\\\/person\\\/609cee2242b067a68bd2cb1848ff5fd7\"},\"headline\":\"\u00bfQu\u00e9 es eso que estamos observando?\",\"datePublished\":\"2026-04-30T16:31:10+00:00\",\"dateModified\":\"2026-04-30T16:35:56+00:00\",\"mainEntityOfPage\":{\"@id\":\"https:\\\/\\\/www.psfamilynyc.org\\\/es\\\/que-es-eso-que-estamos-observando\\\/\"},\"wordCount\":557,\"publisher\":{\"@id\":\"https:\\\/\\\/www.psfamilynyc.org\\\/es\\\/#organization\"},\"image\":{\"@id\":\"https:\\\/\\\/www.psfamilynyc.org\\\/es\\\/que-es-eso-que-estamos-observando\\\/#primaryimage\"},\"thumbnailUrl\":\"https:\\\/\\\/www.psfamilynyc.org\\\/wp-content\\\/uploads\\\/2026\\\/04\\\/blog-04-26--e1777566658339.jpg\",\"articleSection\":[\"Blog de Mejores Pr\u00e1cticas\"],\"inLanguage\":\"es\"},{\"@type\":\"WebPage\",\"@id\":\"https:\\\/\\\/www.psfamilynyc.org\\\/es\\\/que-es-eso-que-estamos-observando\\\/\",\"url\":\"https:\\\/\\\/www.psfamilynyc.org\\\/es\\\/que-es-eso-que-estamos-observando\\\/\",\"name\":\"\u00bfQu\u00e9 es eso que estamos observando? | PS FamilyNYC\",\"isPartOf\":{\"@id\":\"https:\\\/\\\/www.psfamilynyc.org\\\/es\\\/#website\"},\"primaryImageOfPage\":{\"@id\":\"https:\\\/\\\/www.psfamilynyc.org\\\/es\\\/que-es-eso-que-estamos-observando\\\/#primaryimage\"},\"image\":{\"@id\":\"https:\\\/\\\/www.psfamilynyc.org\\\/es\\\/que-es-eso-que-estamos-observando\\\/#primaryimage\"},\"thumbnailUrl\":\"https:\\\/\\\/www.psfamilynyc.org\\\/wp-content\\\/uploads\\\/2026\\\/04\\\/blog-04-26--e1777566658339.jpg\",\"datePublished\":\"2026-04-30T16:31:10+00:00\",\"dateModified\":\"2026-04-30T16:35:56+00:00\",\"breadcrumb\":{\"@id\":\"https:\\\/\\\/www.psfamilynyc.org\\\/es\\\/que-es-eso-que-estamos-observando\\\/#breadcrumb\"},\"inLanguage\":\"es\",\"potentialAction\":[{\"@type\":\"ReadAction\",\"target\":[\"https:\\\/\\\/www.psfamilynyc.org\\\/es\\\/que-es-eso-que-estamos-observando\\\/\"]}]},{\"@type\":\"ImageObject\",\"inLanguage\":\"es\",\"@id\":\"https:\\\/\\\/www.psfamilynyc.org\\\/es\\\/que-es-eso-que-estamos-observando\\\/#primaryimage\",\"url\":\"https:\\\/\\\/www.psfamilynyc.org\\\/wp-content\\\/uploads\\\/2026\\\/04\\\/blog-04-26--e1777566658339.jpg\",\"contentUrl\":\"https:\\\/\\\/www.psfamilynyc.org\\\/wp-content\\\/uploads\\\/2026\\\/04\\\/blog-04-26--e1777566658339.jpg\",\"width\":2048,\"height\":1365},{\"@type\":\"BreadcrumbList\",\"@id\":\"https:\\\/\\\/www.psfamilynyc.org\\\/es\\\/que-es-eso-que-estamos-observando\\\/#breadcrumb\",\"itemListElement\":[{\"@type\":\"ListItem\",\"position\":1,\"name\":\"Home\",\"item\":\"https:\\\/\\\/www.psfamilynyc.org\\\/es\\\/inicio\\\/\"},{\"@type\":\"ListItem\",\"position\":2,\"name\":\"\u00bfQu\u00e9 es eso que estamos observando?\"}]},{\"@type\":\"WebSite\",\"@id\":\"https:\\\/\\\/www.psfamilynyc.org\\\/es\\\/#website\",\"url\":\"https:\\\/\\\/www.psfamilynyc.org\\\/es\\\/\",\"name\":\"PS FamilyNYC\",\"description\":\"Una red de atenci\u00f3n infantil familiar dedicada a facilitar el acceso a la atenci\u00f3n infantil a domicilio.\",\"publisher\":{\"@id\":\"https:\\\/\\\/www.psfamilynyc.org\\\/es\\\/#organization\"},\"alternateName\":\"Program Support FCCN\",\"potentialAction\":[{\"@type\":\"SearchAction\",\"target\":{\"@type\":\"EntryPoint\",\"urlTemplate\":\"https:\\\/\\\/www.psfamilynyc.org\\\/es\\\/?s={search_term_string}\"},\"query-input\":{\"@type\":\"PropertyValueSpecification\",\"valueRequired\":true,\"valueName\":\"search_term_string\"}}],\"inLanguage\":\"es\"},{\"@type\":\"Organization\",\"@id\":\"https:\\\/\\\/www.psfamilynyc.org\\\/es\\\/#organization\",\"name\":\"Program Support FCCN\",\"alternateName\":\"PS Family NYC\",\"url\":\"https:\\\/\\\/www.psfamilynyc.org\\\/es\\\/\",\"logo\":{\"@type\":\"ImageObject\",\"inLanguage\":\"es\",\"@id\":\"https:\\\/\\\/www.psfamilynyc.org\\\/es\\\/#\\\/schema\\\/logo\\\/image\\\/\",\"url\":\"https:\\\/\\\/www.psfamilynyc.org\\\/wp-content\\\/uploads\\\/2023\\\/01\\\/cropped-ps_family_web_logos-03.png\",\"contentUrl\":\"https:\\\/\\\/www.psfamilynyc.org\\\/wp-content\\\/uploads\\\/2023\\\/01\\\/cropped-ps_family_web_logos-03.png\",\"width\":512,\"height\":512,\"caption\":\"Program Support FCCN\"},\"image\":{\"@id\":\"https:\\\/\\\/www.psfamilynyc.org\\\/es\\\/#\\\/schema\\\/logo\\\/image\\\/\"},\"sameAs\":[\"https:\\\/\\\/www.facebook.com\\\/PSfamilyNYC\",\"https:\\\/\\\/x.com\\\/PSfamilyNYC\"]},{\"@type\":\"Person\",\"@id\":\"https:\\\/\\\/www.psfamilynyc.org\\\/es\\\/#\\\/schema\\\/person\\\/609cee2242b067a68bd2cb1848ff5fd7\",\"name\":\"Jaime Geliga Quinones\",\"image\":{\"@type\":\"ImageObject\",\"inLanguage\":\"es\",\"@id\":\"https:\\\/\\\/secure.gravatar.com\\\/avatar\\\/809b401ff7a0ffd9f88a050241f055a45ffb20ae1f79dcde8f53d00550275640?s=96&d=monsterid&r=g\",\"url\":\"https:\\\/\\\/secure.gravatar.com\\\/avatar\\\/809b401ff7a0ffd9f88a050241f055a45ffb20ae1f79dcde8f53d00550275640?s=96&d=monsterid&r=g\",\"contentUrl\":\"https:\\\/\\\/secure.gravatar.com\\\/avatar\\\/809b401ff7a0ffd9f88a050241f055a45ffb20ae1f79dcde8f53d00550275640?s=96&d=monsterid&r=g\",\"caption\":\"Jaime Geliga Quinones\"},\"url\":\"https:\\\/\\\/www.psfamilynyc.org\\\/es\\\/author\\\/jaime-geliga-quinones\\\/\"}]}<\/script>\n<!-- \/ Yoast SEO plugin. -->","yoast_head_json":{"title":"\u00bfQu\u00e9 es eso que estamos observando? | PS FamilyNYC","robots":{"index":"index","follow":"follow","max-snippet":"max-snippet:-1","max-image-preview":"max-image-preview:large","max-video-preview":"max-video-preview:-1"},"canonical":"https:\/\/www.psfamilynyc.org\/es\/que-es-eso-que-estamos-observando\/","og_locale":"es_ES","og_type":"article","og_title":"\u00bfQu\u00e9 es eso que estamos observando? | PS FamilyNYC","og_description":"No es la primera vez que pasa; al contrario, ya parece ritual. Desde que comenc\u00e9 como especialista educativo en PS Family hace 5 a\u00f1os, la temporada de ASQ siempre mueve muchas fibras. Tal vez porque me recuerda las veces que de ni\u00f1o me aplicaron herramientas parecidas. Tal vez por el proceso que implica terminar en terapias, y me recuerda mis terapias del habla. Ya se imaginar\u00e1n: un poco de retraso en el habla, que no me permit\u00eda pronunciar ni la letra ni la , sumado a mi acento boricua, suena pesado. Despu\u00e9s de las terapias del habla y muchos a\u00f1os de profesi\u00f3n como maestro y profesor, me han ayudado mucho. Y espero que, meridianamente, ahora se me entienda mejor. Pero este no es el tema.","og_url":"https:\/\/www.psfamilynyc.org\/es\/que-es-eso-que-estamos-observando\/","og_site_name":"PS FamilyNYC","article_publisher":"https:\/\/www.facebook.com\/PSfamilyNYC","article_published_time":"2026-04-30T16:31:10+00:00","article_modified_time":"2026-04-30T16:35:56+00:00","og_image":[{"width":2048,"height":1365,"url":"https:\/\/www.psfamilynyc.org\/wp-content\/uploads\/2026\/04\/blog-04-26--e1777566658339.jpg","type":"image\/jpeg"}],"author":"Jaime Geliga Quinones","twitter_card":"summary_large_image","twitter_creator":"@PSfamilyNYC","twitter_site":"@PSfamilyNYC","twitter_misc":{"Escrito por":"Jaime Geliga Quinones","Tiempo de lectura":"3 minutos"},"schema":{"@context":"https:\/\/schema.org","@graph":[{"@type":"Article","@id":"https:\/\/www.psfamilynyc.org\/es\/que-es-eso-que-estamos-observando\/#article","isPartOf":{"@id":"https:\/\/www.psfamilynyc.org\/es\/que-es-eso-que-estamos-observando\/"},"author":{"name":"Jaime Geliga Quinones","@id":"https:\/\/www.psfamilynyc.org\/es\/#\/schema\/person\/609cee2242b067a68bd2cb1848ff5fd7"},"headline":"\u00bfQu\u00e9 es eso que estamos observando?","datePublished":"2026-04-30T16:31:10+00:00","dateModified":"2026-04-30T16:35:56+00:00","mainEntityOfPage":{"@id":"https:\/\/www.psfamilynyc.org\/es\/que-es-eso-que-estamos-observando\/"},"wordCount":557,"publisher":{"@id":"https:\/\/www.psfamilynyc.org\/es\/#organization"},"image":{"@id":"https:\/\/www.psfamilynyc.org\/es\/que-es-eso-que-estamos-observando\/#primaryimage"},"thumbnailUrl":"https:\/\/www.psfamilynyc.org\/wp-content\/uploads\/2026\/04\/blog-04-26--e1777566658339.jpg","articleSection":["Blog de Mejores Pr\u00e1cticas"],"inLanguage":"es"},{"@type":"WebPage","@id":"https:\/\/www.psfamilynyc.org\/es\/que-es-eso-que-estamos-observando\/","url":"https:\/\/www.psfamilynyc.org\/es\/que-es-eso-que-estamos-observando\/","name":"\u00bfQu\u00e9 es eso que estamos observando? | PS FamilyNYC","isPartOf":{"@id":"https:\/\/www.psfamilynyc.org\/es\/#website"},"primaryImageOfPage":{"@id":"https:\/\/www.psfamilynyc.org\/es\/que-es-eso-que-estamos-observando\/#primaryimage"},"image":{"@id":"https:\/\/www.psfamilynyc.org\/es\/que-es-eso-que-estamos-observando\/#primaryimage"},"thumbnailUrl":"https:\/\/www.psfamilynyc.org\/wp-content\/uploads\/2026\/04\/blog-04-26--e1777566658339.jpg","datePublished":"2026-04-30T16:31:10+00:00","dateModified":"2026-04-30T16:35:56+00:00","breadcrumb":{"@id":"https:\/\/www.psfamilynyc.org\/es\/que-es-eso-que-estamos-observando\/#breadcrumb"},"inLanguage":"es","potentialAction":[{"@type":"ReadAction","target":["https:\/\/www.psfamilynyc.org\/es\/que-es-eso-que-estamos-observando\/"]}]},{"@type":"ImageObject","inLanguage":"es","@id":"https:\/\/www.psfamilynyc.org\/es\/que-es-eso-que-estamos-observando\/#primaryimage","url":"https:\/\/www.psfamilynyc.org\/wp-content\/uploads\/2026\/04\/blog-04-26--e1777566658339.jpg","contentUrl":"https:\/\/www.psfamilynyc.org\/wp-content\/uploads\/2026\/04\/blog-04-26--e1777566658339.jpg","width":2048,"height":1365},{"@type":"BreadcrumbList","@id":"https:\/\/www.psfamilynyc.org\/es\/que-es-eso-que-estamos-observando\/#breadcrumb","itemListElement":[{"@type":"ListItem","position":1,"name":"Home","item":"https:\/\/www.psfamilynyc.org\/es\/inicio\/"},{"@type":"ListItem","position":2,"name":"\u00bfQu\u00e9 es eso que estamos observando?"}]},{"@type":"WebSite","@id":"https:\/\/www.psfamilynyc.org\/es\/#website","url":"https:\/\/www.psfamilynyc.org\/es\/","name":"PS FamilyNYC","description":"Una red de atenci\u00f3n infantil familiar dedicada a facilitar el acceso a la atenci\u00f3n infantil a domicilio.","publisher":{"@id":"https:\/\/www.psfamilynyc.org\/es\/#organization"},"alternateName":"Program Support FCCN","potentialAction":[{"@type":"SearchAction","target":{"@type":"EntryPoint","urlTemplate":"https:\/\/www.psfamilynyc.org\/es\/?s={search_term_string}"},"query-input":{"@type":"PropertyValueSpecification","valueRequired":true,"valueName":"search_term_string"}}],"inLanguage":"es"},{"@type":"Organization","@id":"https:\/\/www.psfamilynyc.org\/es\/#organization","name":"Program Support FCCN","alternateName":"PS Family NYC","url":"https:\/\/www.psfamilynyc.org\/es\/","logo":{"@type":"ImageObject","inLanguage":"es","@id":"https:\/\/www.psfamilynyc.org\/es\/#\/schema\/logo\/image\/","url":"https:\/\/www.psfamilynyc.org\/wp-content\/uploads\/2023\/01\/cropped-ps_family_web_logos-03.png","contentUrl":"https:\/\/www.psfamilynyc.org\/wp-content\/uploads\/2023\/01\/cropped-ps_family_web_logos-03.png","width":512,"height":512,"caption":"Program Support FCCN"},"image":{"@id":"https:\/\/www.psfamilynyc.org\/es\/#\/schema\/logo\/image\/"},"sameAs":["https:\/\/www.facebook.com\/PSfamilyNYC","https:\/\/x.com\/PSfamilyNYC"]},{"@type":"Person","@id":"https:\/\/www.psfamilynyc.org\/es\/#\/schema\/person\/609cee2242b067a68bd2cb1848ff5fd7","name":"Jaime Geliga Quinones","image":{"@type":"ImageObject","inLanguage":"es","@id":"https:\/\/secure.gravatar.com\/avatar\/809b401ff7a0ffd9f88a050241f055a45ffb20ae1f79dcde8f53d00550275640?s=96&d=monsterid&r=g","url":"https:\/\/secure.gravatar.com\/avatar\/809b401ff7a0ffd9f88a050241f055a45ffb20ae1f79dcde8f53d00550275640?s=96&d=monsterid&r=g","contentUrl":"https:\/\/secure.gravatar.com\/avatar\/809b401ff7a0ffd9f88a050241f055a45ffb20ae1f79dcde8f53d00550275640?s=96&d=monsterid&r=g","caption":"Jaime Geliga Quinones"},"url":"https:\/\/www.psfamilynyc.org\/es\/author\/jaime-geliga-quinones\/"}]}},"_links":{"self":[{"href":"https:\/\/www.psfamilynyc.org\/es\/wp-json\/wp\/v2\/posts\/41184","targetHints":{"allow":["GET"]}}],"collection":[{"href":"https:\/\/www.psfamilynyc.org\/es\/wp-json\/wp\/v2\/posts"}],"about":[{"href":"https:\/\/www.psfamilynyc.org\/es\/wp-json\/wp\/v2\/types\/post"}],"author":[{"embeddable":true,"href":"https:\/\/www.psfamilynyc.org\/es\/wp-json\/wp\/v2\/users\/10"}],"replies":[{"embeddable":true,"href":"https:\/\/www.psfamilynyc.org\/es\/wp-json\/wp\/v2\/comments?post=41184"}],"version-history":[{"count":4,"href":"https:\/\/www.psfamilynyc.org\/es\/wp-json\/wp\/v2\/posts\/41184\/revisions"}],"predecessor-version":[{"id":41188,"href":"https:\/\/www.psfamilynyc.org\/es\/wp-json\/wp\/v2\/posts\/41184\/revisions\/41188"}],"wp:featuredmedia":[{"embeddable":true,"href":"https:\/\/www.psfamilynyc.org\/es\/wp-json\/wp\/v2\/media\/41179"}],"wp:attachment":[{"href":"https:\/\/www.psfamilynyc.org\/es\/wp-json\/wp\/v2\/media?parent=41184"}],"wp:term":[{"taxonomy":"category","embeddable":true,"href":"https:\/\/www.psfamilynyc.org\/es\/wp-json\/wp\/v2\/categories?post=41184"},{"taxonomy":"post_tag","embeddable":true,"href":"https:\/\/www.psfamilynyc.org\/es\/wp-json\/wp\/v2\/tags?post=41184"}],"curies":[{"name":"wp","href":"https:\/\/api.w.org\/{rel}","templated":true}]}}